{"id":5842,"date":"2025-10-18T19:35:16","date_gmt":"2025-10-19T00:35:16","guid":{"rendered":"https:\/\/www.ssaver.gob.mx\/difusion\/?p=5842"},"modified":"2025-10-18T19:35:16","modified_gmt":"2025-10-19T00:35:16","slug":"con-salud-federal-gobernadora-coordina-la-atencion-medica-preventiva-y-de-saneamiento-en-la-zona-norte","status":"publish","type":"post","link":"https:\/\/www.ssaver.gob.mx\/difusion\/2025\/10\/18\/con-salud-federal-gobernadora-coordina-la-atencion-medica-preventiva-y-de-saneamiento-en-la-zona-norte\/","title":{"rendered":"Con Salud federal, Gobernadora coordina la atenci\u00f3n m\u00e9dica, preventiva y de\u00a0saneamiento en la zona norte"},"content":{"rendered":"\n<p><\/p>\n\n\n\n<p>&gt;Hay brigadas de vacunaci\u00f3n, epidemiol\u00f3gicas y de vectores.<\/p>\n\n\n\n<p class=\"has-medium-font-size\"><strong>Poza Rica, Ver., s\u00e1bado 18 de octubre de 2025.\u2013&nbsp;<\/strong>Con el acompa\u00f1amiento del secretario de Salud federal, David&nbsp;Kershenobich&nbsp;Stalnikowitz, la gobernadora Roc\u00edo Nahle Garc\u00eda reforz\u00f3 este fin de semana las acciones m\u00e9dicas y de saneamiento para cuidar&nbsp;de las familias afectadas por las inundaciones por la vaguada y la depresi\u00f3n tropical 90E.<\/p>\n\n\n\n<figure class=\"wp-block-image aligncenter size-large\"><img loading=\"lazy\" decoding=\"async\" width=\"1024\" height=\"683\" src=\"https:\/\/www.ssaver.gob.mx\/difusion\/wp-content\/uploads\/sites\/23\/2025\/10\/WhatsApp-Image-2025-10-18-at-16.47.45-2-1024x683.jpeg\" alt=\"\" class=\"wp-image-5847\" srcset=\"https:\/\/www.ssaver.gob.mx\/difusion\/wp-content\/uploads\/sites\/23\/2025\/10\/WhatsApp-Image-2025-10-18-at-16.47.45-2-1024x683.jpeg 1024w, https:\/\/www.ssaver.gob.mx\/difusion\/wp-content\/uploads\/sites\/23\/2025\/10\/WhatsApp-Image-2025-10-18-at-16.47.45-2-300x200.jpeg 300w, https:\/\/www.ssaver.gob.mx\/difusion\/wp-content\/uploads\/sites\/23\/2025\/10\/WhatsApp-Image-2025-10-18-at-16.47.45-2-768x512.jpeg 768w, https:\/\/www.ssaver.gob.mx\/difusion\/wp-content\/uploads\/sites\/23\/2025\/10\/WhatsApp-Image-2025-10-18-at-16.47.45-2.jpeg 1040w\" sizes=\"auto, (max-width: 1024px) 100vw, 1024px\" \/><\/figure>\n\n\n\n<p class=\"has-medium-font-size\">Durante la reuni\u00f3n del Centro de Comando Permanente, en la que participaron autoridades estatales y federales del sector,&nbsp;evaluaron los avances del despliegue sanitario que actualmente opera en los municipios de Poza Rica, \u00c1lamo, Huayacocotla y la zona serrana, donde se han instalado 54 centros de atenci\u00f3n con servicios m\u00e9dicos integrales.<\/p>\n\n\n\n<p><\/p>\n\n\n\n<figure class=\"wp-block-image aligncenter size-large\"><img loading=\"lazy\" decoding=\"async\" width=\"1024\" height=\"682\" src=\"https:\/\/www.ssaver.gob.mx\/difusion\/wp-content\/uploads\/sites\/23\/2025\/10\/WhatsApp-Image-2025-10-18-at-16.47.44-1024x682.jpeg\" alt=\"\" class=\"wp-image-5846\" srcset=\"https:\/\/www.ssaver.gob.mx\/difusion\/wp-content\/uploads\/sites\/23\/2025\/10\/WhatsApp-Image-2025-10-18-at-16.47.44-1024x682.jpeg 1024w, https:\/\/www.ssaver.gob.mx\/difusion\/wp-content\/uploads\/sites\/23\/2025\/10\/WhatsApp-Image-2025-10-18-at-16.47.44-300x200.jpeg 300w, https:\/\/www.ssaver.gob.mx\/difusion\/wp-content\/uploads\/sites\/23\/2025\/10\/WhatsApp-Image-2025-10-18-at-16.47.44-768x512.jpeg 768w, https:\/\/www.ssaver.gob.mx\/difusion\/wp-content\/uploads\/sites\/23\/2025\/10\/WhatsApp-Image-2025-10-18-at-16.47.44.jpeg 1040w\" sizes=\"auto, (max-width: 1024px) 100vw, 1024px\" \/><\/figure>\n\n\n\n<p class=\"has-medium-font-size\">A trav\u00e9s de sus redes sociales, la Mandataria inform\u00f3 que en estos m\u00f3dulos se aplican vacunas contra t\u00e9tanos, difteria, BCG y esquemas combinados, adem\u00e1s de realizar fumigaci\u00f3n para prevenir el dengue y otras enfermedades transmitidas por vector, distribuci\u00f3n de cal para evitar infecciones y atenci\u00f3n a&nbsp;la salud mental de la poblaci\u00f3n.<\/p>\n\n\n\n<p class=\"has-medium-font-size\">Asimismo, se\u00f1al\u00f3 que la supervisi\u00f3n m\u00e9dica se ha extendido a los hospitales de la regi\u00f3n y que las brigadas de vacunaci\u00f3n y saneamiento se trasladan progresivamente hacia los municipios m\u00e1s vulnerables de la Huasteca veracruzana.<\/p>\n\n\n\n<p class=\"has-medium-font-size\">Por su parte, el secretario de Salud del Gobierno de M\u00e9xico destac\u00f3 la coordinaci\u00f3n con el Gobierno del Estado y la participaci\u00f3n conjunta de personal del IMSS, IMSS-Bienestar, ISSSTE, Pemex, la Subsecretar\u00eda de Pol\u00edticas de Salud y Bienestar Poblacional y la Secretar\u00eda de Salud de Veracruz, quienes se mantienen en campo atendiendo tanto la fase de limpieza y saneamiento como la etapa preventiva.<\/p>\n\n\n\n<figure class=\"wp-block-image aligncenter size-large\"><img loading=\"lazy\" decoding=\"async\" width=\"1024\" height=\"683\" src=\"https:\/\/www.ssaver.gob.mx\/difusion\/wp-content\/uploads\/sites\/23\/2025\/10\/WhatsApp-Image-2025-10-18-at-16.47.45-1-1-1024x683.jpeg\" alt=\"\" class=\"wp-image-5848\" srcset=\"https:\/\/www.ssaver.gob.mx\/difusion\/wp-content\/uploads\/sites\/23\/2025\/10\/WhatsApp-Image-2025-10-18-at-16.47.45-1-1-1024x683.jpeg 1024w, https:\/\/www.ssaver.gob.mx\/difusion\/wp-content\/uploads\/sites\/23\/2025\/10\/WhatsApp-Image-2025-10-18-at-16.47.45-1-1-300x200.jpeg 300w, https:\/\/www.ssaver.gob.mx\/difusion\/wp-content\/uploads\/sites\/23\/2025\/10\/WhatsApp-Image-2025-10-18-at-16.47.45-1-1-768x512.jpeg 768w, https:\/\/www.ssaver.gob.mx\/difusion\/wp-content\/uploads\/sites\/23\/2025\/10\/WhatsApp-Image-2025-10-18-at-16.47.45-1-1.jpeg 1040w\" sizes=\"auto, (max-width: 1024px) 100vw, 1024px\" \/><\/figure>\n\n\n\n<p class=\"has-medium-font-size\">Resalt\u00f3 la magnitud del operativo conjunto, que incluye 63 brigadas de vectores, adem\u00e1s de brigadas de vacunaci\u00f3n que aplican dosis contra hepatitis A y B, sarampi\u00f3n, rub\u00e9ola, COVID-19, influenza, BCG y t\u00e9tanos. Tambi\u00e9n&nbsp;de las&nbsp;brigadas m\u00e9dicas para atender a quienes no pueden desplazarse a los centros hospitalarios, integradas por un m\u00e9dico, una enfermera y un promotor de salud.<\/p>\n\n\n\n<p class=\"has-medium-font-size\">\u201cEstos trabajos no van a terminar; continuaremos hasta lograr el saneamiento completo de la regi\u00f3n. La respuesta no es individual, es el esfuerzo coordinado entre la Federaci\u00f3n y el Estado\u201d.<\/p>\n\n\n\n<p class=\"has-medium-font-size\">A trav\u00e9s de la Secretar\u00eda de Salud, el Gobierno Estatal mantiene acciones de vigilancia epidemiol\u00f3gica, control de riesgos sanitarios y promoci\u00f3n de la salud, priorizando la atenci\u00f3n en las comunidades m\u00e1s afectadas.<\/p>\n","protected":false},"excerpt":{"rendered":"<p>&gt;Hay brigadas de vacunaci\u00f3n, epidemiol\u00f3gicas y de vectores. Poza Rica, Ver., s\u00e1bado 18 de octubre de 2025.\u2013&nbsp;Con el acompa\u00f1amiento del<\/p>\n","protected":false},"author":68,"featured_media":5843,"comment_status":"closed","ping_status":"closed","sticky":false,"template":"","format":"standard","meta":{"colormag_page_container_layout":"default_layout","colormag_page_sidebar_layout":"default_layout","footnotes":""},"categories":[111,115],"tags":[839,832,750,840,519,831,675,489,838,503,486,152,836,751,837,554,796,514,358,830,516,835,834,833],"class_list":["post-5842","post","type-post","status-publish","format-standard","has-post-thumbnail","hentry","category-boletines","category-general","tag-acciones-de-vigilancia-epidemiologica","tag-alamo","tag-apoyo-del-director-general","tag-control-de-riesgos-sanitarios","tag-covid-19","tag-david-kershenobich-stalnikowitz","tag-gobernadora-de-veracruz-rocio-nahle","tag-gobierno-del-estado","tag-hepatitis-a-y-b","tag-imss","tag-imss-bienestar","tag-influenza","tag-issste","tag-juan-pablo-uribe-gonzalez","tag-pemex","tag-poza-rica","tag-promocion-de-la-salud","tag-rubeola","tag-sarampion","tag-secretario-de-salud-federal","tag-tetanos","tag-vacunas-contra-bcg","tag-vacunas-contra-difteria","tag-vacunas-contra-tetanos"],"_links":{"self":[{"href":"https:\/\/www.ssaver.gob.mx\/difusion\/wp-json\/wp\/v2\/posts\/5842","targetHints":{"allow":["GET"]}}],"collection":[{"href":"https:\/\/www.ssaver.gob.mx\/difusion\/wp-json\/wp\/v2\/posts"}],"about":[{"href":"https:\/\/www.ssaver.gob.mx\/difusion\/wp-json\/wp\/v2\/types\/post"}],"author":[{"embeddable":true,"href":"https:\/\/www.ssaver.gob.mx\/difusion\/wp-json\/wp\/v2\/users\/68"}],"replies":[{"embeddable":true,"href":"https:\/\/www.ssaver.gob.mx\/difusion\/wp-json\/wp\/v2\/comments?post=5842"}],"version-history":[{"count":1,"href":"https:\/\/www.ssaver.gob.mx\/difusion\/wp-json\/wp\/v2\/posts\/5842\/revisions"}],"predecessor-version":[{"id":5849,"href":"https:\/\/www.ssaver.gob.mx\/difusion\/wp-json\/wp\/v2\/posts\/5842\/revisions\/5849"}],"wp:featuredmedia":[{"embeddable":true,"href":"https:\/\/www.ssaver.gob.mx\/difusion\/wp-json\/wp\/v2\/media\/5843"}],"wp:attachment":[{"href":"https:\/\/www.ssaver.gob.mx\/difusion\/wp-json\/wp\/v2\/media?parent=5842"}],"wp:term":[{"taxonomy":"category","embeddable":true,"href":"https:\/\/www.ssaver.gob.mx\/difusion\/wp-json\/wp\/v2\/categories?post=5842"},{"taxonomy":"post_tag","embeddable":true,"href":"https:\/\/www.ssaver.gob.mx\/difusion\/wp-json\/wp\/v2\/tags?post=5842"}],"curies":[{"name":"wp","href":"https:\/\/api.w.org\/{rel}","templated":true}]}}