{"id":5853,"date":"2025-10-20T13:45:37","date_gmt":"2025-10-20T18:45:37","guid":{"rendered":"https:\/\/www.ssaver.gob.mx\/difusion\/?p=5853"},"modified":"2025-10-20T13:45:37","modified_gmt":"2025-10-20T18:45:37","slug":"vacunas-medicamentos-y-atencion-medica-garantizados-a-la-poblacion-de-la-zona-norte","status":"publish","type":"post","link":"https:\/\/www.ssaver.gob.mx\/difusion\/2025\/10\/20\/vacunas-medicamentos-y-atencion-medica-garantizados-a-la-poblacion-de-la-zona-norte\/","title":{"rendered":"Vacunas, medicamentos y atenci\u00f3n m\u00e9dica garantizados\u00a0a\u00a0la poblaci\u00f3n de la zona norte"},"content":{"rendered":"\n<p class=\"has-medium-font-size\">&gt;Desplegadas las brigadas y&nbsp;vigilancia sanitaria post-contingencia.<\/p>\n\n\n\n<p class=\"has-medium-font-size\">&gt;El 95 %&nbsp;de la infraestructura&nbsp;m\u00e9dica&nbsp;operan con normalidad.<\/p>\n\n\n\n<p class=\"has-medium-font-size\"><strong>Poza Rica, Ver.,&nbsp;<\/strong><strong>lunes<\/strong><strong>&nbsp;<\/strong><strong>20<\/strong><a><\/a><strong>&nbsp;de octubre de 2025.-&nbsp;<\/strong>El Gobierno del Estado, a trav\u00e9s de la Secretar\u00eda de Salud, en coordinaci\u00f3n con IMSS\u2013Bienestar, despleg\u00f3&nbsp;un amplio operativo sanitario con m\u00f3dulos fijos y unidades m\u00f3viles en puntos estrat\u00e9gicos de la regi\u00f3n norte, a fin de prevenir enfermedades infecciosas derivadas de la contingencia meteorol\u00f3gica.<\/p>\n\n\n\n<figure class=\"wp-block-image aligncenter size-large\"><img loading=\"lazy\" decoding=\"async\" width=\"1024\" height=\"683\" src=\"https:\/\/www.ssaver.gob.mx\/difusion\/wp-content\/uploads\/sites\/23\/2025\/10\/WhatsApp-Image-2025-10-20-at-11.32.34-1-1024x683.jpeg\" alt=\"\" class=\"wp-image-5850\" srcset=\"https:\/\/www.ssaver.gob.mx\/difusion\/wp-content\/uploads\/sites\/23\/2025\/10\/WhatsApp-Image-2025-10-20-at-11.32.34-1-1024x683.jpeg 1024w, https:\/\/www.ssaver.gob.mx\/difusion\/wp-content\/uploads\/sites\/23\/2025\/10\/WhatsApp-Image-2025-10-20-at-11.32.34-1-300x200.jpeg 300w, https:\/\/www.ssaver.gob.mx\/difusion\/wp-content\/uploads\/sites\/23\/2025\/10\/WhatsApp-Image-2025-10-20-at-11.32.34-1-768x512.jpeg 768w, https:\/\/www.ssaver.gob.mx\/difusion\/wp-content\/uploads\/sites\/23\/2025\/10\/WhatsApp-Image-2025-10-20-at-11.32.34-1-1536x1024.jpeg 1536w, https:\/\/www.ssaver.gob.mx\/difusion\/wp-content\/uploads\/sites\/23\/2025\/10\/WhatsApp-Image-2025-10-20-at-11.32.34-1-2048x1365.jpeg 2048w\" sizes=\"auto, (max-width: 1024px) 100vw, 1024px\" \/><\/figure>\n\n\n\n<p class=\"has-medium-font-size\">Desde el Centro de Comando Permanente, instalado en el Aeropuerto Nacional de Poza Rica El Taj\u00edn,&nbsp;se supervisan las acciones de vigilancia epidemiol\u00f3gica, la aplicaci\u00f3n de vacunas y la distribuci\u00f3n de medicamentos e insumos m\u00e9dicos para atender de manera inmediata a la poblaci\u00f3n.<\/p>\n\n\n\n<p class=\"has-medium-font-size\">El Gobierno estatal garantiza el abasto suficiente de biol\u00f3gicos, en especial de toxoide tet\u00e1nico, vacunas contra rotavirus e infecciones respiratorias, consideradas prioritarias ante los riesgos de contaminaci\u00f3n por lodo, materia org\u00e1nica y agua insalubre.<\/p>\n\n\n\n<p class=\"has-medium-font-size\">De manera coordinada, las brigadas de salud mantienen vigilancia permanente en comunidades afectadas, con especial atenci\u00f3n a ni\u00f1as, ni\u00f1os y adultos mayores, sectores m\u00e1s vulnerables a padecimientos respiratorios, gastrointestinales y d\u00e9rmicos.<\/p>\n\n\n\n<figure class=\"wp-block-image aligncenter size-large\"><img loading=\"lazy\" decoding=\"async\" width=\"1024\" height=\"683\" src=\"https:\/\/www.ssaver.gob.mx\/difusion\/wp-content\/uploads\/sites\/23\/2025\/10\/WhatsApp-Image-2025-10-20-at-11.32.34-1024x683.jpeg\" alt=\"\" class=\"wp-image-5852\" srcset=\"https:\/\/www.ssaver.gob.mx\/difusion\/wp-content\/uploads\/sites\/23\/2025\/10\/WhatsApp-Image-2025-10-20-at-11.32.34-1024x683.jpeg 1024w, https:\/\/www.ssaver.gob.mx\/difusion\/wp-content\/uploads\/sites\/23\/2025\/10\/WhatsApp-Image-2025-10-20-at-11.32.34-300x200.jpeg 300w, https:\/\/www.ssaver.gob.mx\/difusion\/wp-content\/uploads\/sites\/23\/2025\/10\/WhatsApp-Image-2025-10-20-at-11.32.34-768x512.jpeg 768w, https:\/\/www.ssaver.gob.mx\/difusion\/wp-content\/uploads\/sites\/23\/2025\/10\/WhatsApp-Image-2025-10-20-at-11.32.34-1536x1024.jpeg 1536w, https:\/\/www.ssaver.gob.mx\/difusion\/wp-content\/uploads\/sites\/23\/2025\/10\/WhatsApp-Image-2025-10-20-at-11.32.34-2048x1365.jpeg 2048w\" sizes=\"auto, (max-width: 1024px) 100vw, 1024px\" \/><\/figure>\n\n\n\n<p class=\"has-medium-font-size\">Asimismo, se dispone del esquema completo de inmunizaci\u00f3n infantil, que incluye vacunas contra difteria, tosferina, t\u00e9tanos, sarampi\u00f3n, hepatitis, tuberculosis (BCG) y&nbsp;antineumoc\u00f3cica, adem\u00e1s del biol\u00f3gico hexavalente, que protege contra seis enfermedades en una sola aplicaci\u00f3n.<\/p>\n\n\n\n<p class=\"has-medium-font-size\">Respecto a la infraestructura m\u00e9dica, el 95 por ciento de las unidades de salud opera con normalidad; aquellas con afectaciones fueron sustituidas temporalmente por unidades m\u00f3viles y consultorios itinerantes para asegurar la continuidad de los servicios.<\/p>\n\n\n\n<figure class=\"wp-block-image aligncenter size-large\"><img loading=\"lazy\" decoding=\"async\" width=\"1024\" height=\"683\" src=\"https:\/\/www.ssaver.gob.mx\/difusion\/wp-content\/uploads\/sites\/23\/2025\/10\/WhatsApp-Image-2025-10-20-at-11.32.34-2-1024x683.jpeg\" alt=\"\" class=\"wp-image-5851\" srcset=\"https:\/\/www.ssaver.gob.mx\/difusion\/wp-content\/uploads\/sites\/23\/2025\/10\/WhatsApp-Image-2025-10-20-at-11.32.34-2-1024x683.jpeg 1024w, https:\/\/www.ssaver.gob.mx\/difusion\/wp-content\/uploads\/sites\/23\/2025\/10\/WhatsApp-Image-2025-10-20-at-11.32.34-2-300x200.jpeg 300w, https:\/\/www.ssaver.gob.mx\/difusion\/wp-content\/uploads\/sites\/23\/2025\/10\/WhatsApp-Image-2025-10-20-at-11.32.34-2-768x512.jpeg 768w, https:\/\/www.ssaver.gob.mx\/difusion\/wp-content\/uploads\/sites\/23\/2025\/10\/WhatsApp-Image-2025-10-20-at-11.32.34-2-1536x1024.jpeg 1536w, https:\/\/www.ssaver.gob.mx\/difusion\/wp-content\/uploads\/sites\/23\/2025\/10\/WhatsApp-Image-2025-10-20-at-11.32.34-2-2048x1365.jpeg 2048w\" sizes=\"auto, (max-width: 1024px) 100vw, 1024px\" \/><\/figure>\n\n\n\n<p class=\"has-medium-font-size\">El sistema de salud veracruzano se mantiene en funcionamiento con 830 centros de salud, 31 hospitales generales y cuatro de alta especialidad, todos brindando atenci\u00f3n m\u00e9dica integral. Los hospitales de Poza Rica,&nbsp;\u00c1lamo, Tuxpan y P\u00e1nuco cuentan con medicamentos, insumos quir\u00fargicos y capacidad garantizada.<\/p>\n\n\n\n<p class=\"has-medium-font-size\">Se exhorta a la poblaci\u00f3n a reforzar las medidas de higiene b\u00e1sicas, como hervir el agua antes de consumirla, lavar adecuadamente los alimentos para evitar brotes de diarreas o infecciones cut\u00e1neas.<\/p>\n","protected":false},"excerpt":{"rendered":"<p>&gt;Desplegadas las brigadas y&nbsp;vigilancia sanitaria post-contingencia. &gt;El 95 %&nbsp;de la infraestructura&nbsp;m\u00e9dica&nbsp;operan con normalidad. Poza Rica, Ver.,&nbsp;lunes&nbsp;20&nbsp;de octubre de 2025.-&nbsp;El Gobierno<\/p>\n","protected":false},"author":68,"featured_media":5854,"comment_status":"closed","ping_status":"closed","sticky":false,"template":"","format":"standard","meta":{"colormag_page_container_layout":"default_layout","colormag_page_sidebar_layout":"default_layout","footnotes":""},"categories":[111,115],"tags":[750,124,842,751,554,843,189,184,841,191],"class_list":["post-5853","post","type-post","status-publish","format-standard","has-post-thumbnail","hentry","category-boletines","category-general","tag-apoyo-del-director-general","tag-fotogaleria","tag-imss-bienestar-3","tag-juan-pablo-uribe-gonzalez","tag-poza-rica","tag-region-norte","tag-secretaria-de-salud-de-veracruz","tag-sesver","tag-vacunas-medicamentos-y-atencion-medica-garantizados-a-la-poblacion-de-la-zona-norte","tag-valentin-herrera-alarcon"],"_links":{"self":[{"href":"https:\/\/www.ssaver.gob.mx\/difusion\/wp-json\/wp\/v2\/posts\/5853","targetHints":{"allow":["GET"]}}],"collection":[{"href":"https:\/\/www.ssaver.gob.mx\/difusion\/wp-json\/wp\/v2\/posts"}],"about":[{"href":"https:\/\/www.ssaver.gob.mx\/difusion\/wp-json\/wp\/v2\/types\/post"}],"author":[{"embeddable":true,"href":"https:\/\/www.ssaver.gob.mx\/difusion\/wp-json\/wp\/v2\/users\/68"}],"replies":[{"embeddable":true,"href":"https:\/\/www.ssaver.gob.mx\/difusion\/wp-json\/wp\/v2\/comments?post=5853"}],"version-history":[{"count":1,"href":"https:\/\/www.ssaver.gob.mx\/difusion\/wp-json\/wp\/v2\/posts\/5853\/revisions"}],"predecessor-version":[{"id":5855,"href":"https:\/\/www.ssaver.gob.mx\/difusion\/wp-json\/wp\/v2\/posts\/5853\/revisions\/5855"}],"wp:featuredmedia":[{"embeddable":true,"href":"https:\/\/www.ssaver.gob.mx\/difusion\/wp-json\/wp\/v2\/media\/5854"}],"wp:attachment":[{"href":"https:\/\/www.ssaver.gob.mx\/difusion\/wp-json\/wp\/v2\/media?parent=5853"}],"wp:term":[{"taxonomy":"category","embeddable":true,"href":"https:\/\/www.ssaver.gob.mx\/difusion\/wp-json\/wp\/v2\/categories?post=5853"},{"taxonomy":"post_tag","embeddable":true,"href":"https:\/\/www.ssaver.gob.mx\/difusion\/wp-json\/wp\/v2\/tags?post=5853"}],"curies":[{"name":"wp","href":"https:\/\/api.w.org\/{rel}","templated":true}]}}