{"id":5856,"date":"2025-10-21T09:00:00","date_gmt":"2025-10-21T14:00:00","guid":{"rendered":"https:\/\/www.ssaver.gob.mx\/difusion\/?p=5856"},"modified":"2025-10-21T00:17:32","modified_gmt":"2025-10-21T05:17:32","slug":"veracruz-y-durango-unen-esfuerzos-para-brindar-atencion-medica-en-el-higo","status":"publish","type":"post","link":"https:\/\/www.ssaver.gob.mx\/difusion\/2025\/10\/21\/veracruz-y-durango-unen-esfuerzos-para-brindar-atencion-medica-en-el-higo\/","title":{"rendered":"Veracruz y Durango unen esfuerzos para brindar atenci\u00f3n m\u00e9dica en El Higo"},"content":{"rendered":"\n<p class=\"has-medium-font-size\">&gt;Llegan con unidades m\u00f3viles, quir\u00f3fanos y personal especializado.<\/p>\n\n\n\n<p class=\"has-medium-font-size\"><strong>El Higo, Ver.,\u00a0<\/strong><strong>lunes\u00a0<\/strong><strong>20 de oc<\/strong><strong>tubre de 2025.-\u00a0<\/strong>Con el apoyo de brigadas m\u00e9dicas y unidades m\u00f3viles enviadas por el Gobierno de Durango, la Secretar\u00eda de Salud\u00a0fortalece la capacidad de respuesta en el municipio de El Higo ante la contingencia derivada de la tormenta tropical 90E.<\/p>\n\n\n\n<div class=\"wp-block-columns is-layout-flex wp-container-core-columns-is-layout-28f84493 wp-block-columns-is-layout-flex\">\n<div class=\"wp-block-column is-layout-flow wp-block-column-is-layout-flow\">\n<figure class=\"wp-block-image size-large\"><img loading=\"lazy\" decoding=\"async\" width=\"768\" height=\"1024\" src=\"https:\/\/www.ssaver.gob.mx\/difusion\/wp-content\/uploads\/sites\/23\/2025\/10\/WhatsApp-Image-2025-10-20-at-21.32.57-2-768x1024.jpeg\" alt=\"\" class=\"wp-image-5862\" srcset=\"https:\/\/www.ssaver.gob.mx\/difusion\/wp-content\/uploads\/sites\/23\/2025\/10\/WhatsApp-Image-2025-10-20-at-21.32.57-2-768x1024.jpeg 768w, https:\/\/www.ssaver.gob.mx\/difusion\/wp-content\/uploads\/sites\/23\/2025\/10\/WhatsApp-Image-2025-10-20-at-21.32.57-2-225x300.jpeg 225w, https:\/\/www.ssaver.gob.mx\/difusion\/wp-content\/uploads\/sites\/23\/2025\/10\/WhatsApp-Image-2025-10-20-at-21.32.57-2-1152x1536.jpeg 1152w, https:\/\/www.ssaver.gob.mx\/difusion\/wp-content\/uploads\/sites\/23\/2025\/10\/WhatsApp-Image-2025-10-20-at-21.32.57-2.jpeg 1200w\" sizes=\"auto, (max-width: 768px) 100vw, 768px\" \/><\/figure>\n<\/div>\n\n\n\n<div class=\"wp-block-column is-layout-flow wp-block-column-is-layout-flow\">\n<figure class=\"wp-block-image size-large\"><img loading=\"lazy\" decoding=\"async\" width=\"768\" height=\"1024\" src=\"https:\/\/www.ssaver.gob.mx\/difusion\/wp-content\/uploads\/sites\/23\/2025\/10\/WhatsApp-Image-2025-10-20-at-21.32.58-768x1024.jpeg\" alt=\"\" class=\"wp-image-5860\" srcset=\"https:\/\/www.ssaver.gob.mx\/difusion\/wp-content\/uploads\/sites\/23\/2025\/10\/WhatsApp-Image-2025-10-20-at-21.32.58-768x1024.jpeg 768w, https:\/\/www.ssaver.gob.mx\/difusion\/wp-content\/uploads\/sites\/23\/2025\/10\/WhatsApp-Image-2025-10-20-at-21.32.58-225x300.jpeg 225w, https:\/\/www.ssaver.gob.mx\/difusion\/wp-content\/uploads\/sites\/23\/2025\/10\/WhatsApp-Image-2025-10-20-at-21.32.58.jpeg 960w\" sizes=\"auto, (max-width: 768px) 100vw, 768px\" \/><\/figure>\n<\/div>\n<\/div>\n\n\n\n<p class=\"has-medium-font-size\">Las brigadas duranguenses cuentan con unidades m\u00f3viles equipadas con quir\u00f3fanos, consultorios itinerantes y cl\u00ednicas&nbsp;prequir\u00fargicas, que brindar\u00e1n atenci\u00f3n general y especializada, as\u00ed como servicios de odontolog\u00eda, citolog\u00eda, laboratorio cl\u00ednico, ultrasonido, Rayos X,&nbsp;espirometr\u00eda&nbsp;y electrocardiogramas.<\/p>\n\n\n\n<figure class=\"wp-block-image aligncenter size-large\"><img loading=\"lazy\" decoding=\"async\" width=\"1024\" height=\"768\" src=\"https:\/\/www.ssaver.gob.mx\/difusion\/wp-content\/uploads\/sites\/23\/2025\/10\/WhatsApp-Image-2025-10-20-at-21.32.57-3-1024x768.jpeg\" alt=\"\" class=\"wp-image-5861\" srcset=\"https:\/\/www.ssaver.gob.mx\/difusion\/wp-content\/uploads\/sites\/23\/2025\/10\/WhatsApp-Image-2025-10-20-at-21.32.57-3-1024x768.jpeg 1024w, https:\/\/www.ssaver.gob.mx\/difusion\/wp-content\/uploads\/sites\/23\/2025\/10\/WhatsApp-Image-2025-10-20-at-21.32.57-3-300x225.jpeg 300w, https:\/\/www.ssaver.gob.mx\/difusion\/wp-content\/uploads\/sites\/23\/2025\/10\/WhatsApp-Image-2025-10-20-at-21.32.57-3-768x576.jpeg 768w, https:\/\/www.ssaver.gob.mx\/difusion\/wp-content\/uploads\/sites\/23\/2025\/10\/WhatsApp-Image-2025-10-20-at-21.32.57-3-1536x1152.jpeg 1536w, https:\/\/www.ssaver.gob.mx\/difusion\/wp-content\/uploads\/sites\/23\/2025\/10\/WhatsApp-Image-2025-10-20-at-21.32.57-3.jpeg 1600w\" sizes=\"auto, (max-width: 1024px) 100vw, 1024px\" \/><\/figure>\n\n\n\n<p class=\"has-medium-font-size\">El personal, integrado por m\u00e9dicos generales y especialistas, odont\u00f3logos, enfermeras, psic\u00f3logos, t\u00e9cnicos radi\u00f3logos y qu\u00edmicos, trabajar\u00e1 de forma coordinada con la&nbsp;dependencia estatal, ampliando&nbsp;la cobertura de los servicios m\u00e9dicos y se prioriza la atenci\u00f3n a quienes m\u00e1s lo necesitan.<\/p>\n\n\n\n<div class=\"wp-block-columns is-layout-flex wp-container-core-columns-is-layout-28f84493 wp-block-columns-is-layout-flex\">\n<div class=\"wp-block-column is-layout-flow wp-block-column-is-layout-flow\">\n<figure class=\"wp-block-image size-large\"><img loading=\"lazy\" decoding=\"async\" width=\"768\" height=\"1024\" src=\"https:\/\/www.ssaver.gob.mx\/difusion\/wp-content\/uploads\/sites\/23\/2025\/10\/WhatsApp-Image-2025-10-20-at-21.32.57-4-768x1024.jpeg\" alt=\"\" class=\"wp-image-5858\" srcset=\"https:\/\/www.ssaver.gob.mx\/difusion\/wp-content\/uploads\/sites\/23\/2025\/10\/WhatsApp-Image-2025-10-20-at-21.32.57-4-768x1024.jpeg 768w, https:\/\/www.ssaver.gob.mx\/difusion\/wp-content\/uploads\/sites\/23\/2025\/10\/WhatsApp-Image-2025-10-20-at-21.32.57-4-225x300.jpeg 225w, https:\/\/www.ssaver.gob.mx\/difusion\/wp-content\/uploads\/sites\/23\/2025\/10\/WhatsApp-Image-2025-10-20-at-21.32.57-4-1152x1536.jpeg 1152w, https:\/\/www.ssaver.gob.mx\/difusion\/wp-content\/uploads\/sites\/23\/2025\/10\/WhatsApp-Image-2025-10-20-at-21.32.57-4.jpeg 1200w\" sizes=\"auto, (max-width: 768px) 100vw, 768px\" \/><\/figure>\n<\/div>\n\n\n\n<div class=\"wp-block-column is-layout-flow wp-block-column-is-layout-flow\">\n<figure class=\"wp-block-image size-large\"><img loading=\"lazy\" decoding=\"async\" width=\"768\" height=\"1024\" src=\"https:\/\/www.ssaver.gob.mx\/difusion\/wp-content\/uploads\/sites\/23\/2025\/10\/WhatsApp-Image-2025-10-20-at-21.32.57-1-1-768x1024.jpeg\" alt=\"\" class=\"wp-image-5865\" srcset=\"https:\/\/www.ssaver.gob.mx\/difusion\/wp-content\/uploads\/sites\/23\/2025\/10\/WhatsApp-Image-2025-10-20-at-21.32.57-1-1-768x1024.jpeg 768w, https:\/\/www.ssaver.gob.mx\/difusion\/wp-content\/uploads\/sites\/23\/2025\/10\/WhatsApp-Image-2025-10-20-at-21.32.57-1-1-225x300.jpeg 225w, https:\/\/www.ssaver.gob.mx\/difusion\/wp-content\/uploads\/sites\/23\/2025\/10\/WhatsApp-Image-2025-10-20-at-21.32.57-1-1-1152x1536.jpeg 1152w, https:\/\/www.ssaver.gob.mx\/difusion\/wp-content\/uploads\/sites\/23\/2025\/10\/WhatsApp-Image-2025-10-20-at-21.32.57-1-1.jpeg 1200w\" sizes=\"auto, (max-width: 768px) 100vw, 768px\" \/><\/figure>\n<\/div>\n<\/div>\n\n\n\n<p class=\"has-medium-font-size\">De esta manera, Veracruz fortalece la colaboraci\u00f3n interinstitucional y con otras entidades del pa\u00eds para garantizar atenci\u00f3n m\u00e9dica gratuita, oportuna y de calidad a las familias afectadas por las inundaciones&nbsp;<a><\/a>en la zona norte del estado.<\/p>\n\n\n\n<figure class=\"wp-block-image aligncenter size-large\"><img loading=\"lazy\" decoding=\"async\" width=\"1024\" height=\"768\" src=\"https:\/\/www.ssaver.gob.mx\/difusion\/wp-content\/uploads\/sites\/23\/2025\/10\/WhatsApp-Image-2025-10-20-at-21.32.57-1024x768.jpeg\" alt=\"\" class=\"wp-image-5863\" srcset=\"https:\/\/www.ssaver.gob.mx\/difusion\/wp-content\/uploads\/sites\/23\/2025\/10\/WhatsApp-Image-2025-10-20-at-21.32.57-1024x768.jpeg 1024w, https:\/\/www.ssaver.gob.mx\/difusion\/wp-content\/uploads\/sites\/23\/2025\/10\/WhatsApp-Image-2025-10-20-at-21.32.57-300x225.jpeg 300w, https:\/\/www.ssaver.gob.mx\/difusion\/wp-content\/uploads\/sites\/23\/2025\/10\/WhatsApp-Image-2025-10-20-at-21.32.57-768x576.jpeg 768w, https:\/\/www.ssaver.gob.mx\/difusion\/wp-content\/uploads\/sites\/23\/2025\/10\/WhatsApp-Image-2025-10-20-at-21.32.57-1536x1152.jpeg 1536w, https:\/\/www.ssaver.gob.mx\/difusion\/wp-content\/uploads\/sites\/23\/2025\/10\/WhatsApp-Image-2025-10-20-at-21.32.57.jpeg 1600w\" sizes=\"auto, (max-width: 1024px) 100vw, 1024px\" \/><\/figure>\n","protected":false},"excerpt":{"rendered":"<p>&gt;Llegan con unidades m\u00f3viles, quir\u00f3fanos y personal especializado. El Higo, Ver.,\u00a0lunes\u00a020 de octubre de 2025.-\u00a0Con el apoyo de brigadas m\u00e9dicas<\/p>\n","protected":false},"author":68,"featured_media":5857,"comment_status":"closed","ping_status":"closed","sticky":false,"template":"","format":"standard","meta":{"colormag_page_container_layout":"default_layout","colormag_page_sidebar_layout":"default_layout","footnotes":""},"categories":[111,115],"tags":[750,845,844,846,751,847,848,142],"class_list":["post-5856","post","type-post","status-publish","format-standard","has-post-thumbnail","hentry","category-boletines","category-general","tag-apoyo-del-director-general","tag-brigadas-de-salud","tag-durango-en-veracruz","tag-gobierno-de-durango","tag-juan-pablo-uribe-gonzalez","tag-municipio-de-el-higo","tag-tormenta-tropical-90e","tag-veracruz"],"_links":{"self":[{"href":"https:\/\/www.ssaver.gob.mx\/difusion\/wp-json\/wp\/v2\/posts\/5856","targetHints":{"allow":["GET"]}}],"collection":[{"href":"https:\/\/www.ssaver.gob.mx\/difusion\/wp-json\/wp\/v2\/posts"}],"about":[{"href":"https:\/\/www.ssaver.gob.mx\/difusion\/wp-json\/wp\/v2\/types\/post"}],"author":[{"embeddable":true,"href":"https:\/\/www.ssaver.gob.mx\/difusion\/wp-json\/wp\/v2\/users\/68"}],"replies":[{"embeddable":true,"href":"https:\/\/www.ssaver.gob.mx\/difusion\/wp-json\/wp\/v2\/comments?post=5856"}],"version-history":[{"count":1,"href":"https:\/\/www.ssaver.gob.mx\/difusion\/wp-json\/wp\/v2\/posts\/5856\/revisions"}],"predecessor-version":[{"id":5866,"href":"https:\/\/www.ssaver.gob.mx\/difusion\/wp-json\/wp\/v2\/posts\/5856\/revisions\/5866"}],"wp:featuredmedia":[{"embeddable":true,"href":"https:\/\/www.ssaver.gob.mx\/difusion\/wp-json\/wp\/v2\/media\/5857"}],"wp:attachment":[{"href":"https:\/\/www.ssaver.gob.mx\/difusion\/wp-json\/wp\/v2\/media?parent=5856"}],"wp:term":[{"taxonomy":"category","embeddable":true,"href":"https:\/\/www.ssaver.gob.mx\/difusion\/wp-json\/wp\/v2\/categories?post=5856"},{"taxonomy":"post_tag","embeddable":true,"href":"https:\/\/www.ssaver.gob.mx\/difusion\/wp-json\/wp\/v2\/tags?post=5856"}],"curies":[{"name":"wp","href":"https:\/\/api.w.org\/{rel}","templated":true}]}}