{"id":5869,"date":"2025-10-25T15:51:56","date_gmt":"2025-10-25T20:51:56","guid":{"rendered":"https:\/\/www.ssaver.gob.mx\/difusion\/?p=5869"},"modified":"2025-10-25T15:51:56","modified_gmt":"2025-10-25T20:51:56","slug":"control-sanitario-permanente-comunidades-del-norte-tras-inundaciones","status":"publish","type":"post","link":"https:\/\/www.ssaver.gob.mx\/difusion\/2025\/10\/25\/control-sanitario-permanente-comunidades-del-norte-tras-inundaciones\/","title":{"rendered":"Control sanitario permanente comunidades del norte tras inundaciones"},"content":{"rendered":"\n<p class=\"has-medium-font-size\">&gt;Eliminados&nbsp;86 focos de infecci\u00f3n, supervisado 73 establecimientos&nbsp;<\/p>\n\n\n\n<p class=\"has-medium-font-size\">&gt;M\u00e1s de 4 mil personas&nbsp;recibieron&nbsp;orientaci\u00f3n sobre higiene y saneamiento.<\/p>\n\n\n\n<p class=\"has-medium-font-size\"><strong>Xalapa, Ver.,&nbsp;<\/strong><strong>s\u00e1bado 25<\/strong><a><\/a><strong>&nbsp;de octubre de 2025.-<\/strong>&nbsp;La Secretar\u00eda de Salud mantiene y refuerza la protecci\u00f3n contra riesgos sanitarios para salvaguardar la salud de la poblaci\u00f3n afectada por las lluvias extraordinarias en la zona norte del estado.<\/p>\n\n\n\n<figure class=\"wp-block-image aligncenter size-large is-resized\"><img loading=\"lazy\" decoding=\"async\" width=\"1024\" height=\"577\" src=\"https:\/\/www.ssaver.gob.mx\/difusion\/wp-content\/uploads\/sites\/23\/2025\/10\/WhatsApp-Image-2025-10-25-at-13.08.22-2-1024x577.jpeg\" alt=\"\" class=\"wp-image-5871\" style=\"width:1140px;height:auto\" srcset=\"https:\/\/www.ssaver.gob.mx\/difusion\/wp-content\/uploads\/sites\/23\/2025\/10\/WhatsApp-Image-2025-10-25-at-13.08.22-2-1024x577.jpeg 1024w, https:\/\/www.ssaver.gob.mx\/difusion\/wp-content\/uploads\/sites\/23\/2025\/10\/WhatsApp-Image-2025-10-25-at-13.08.22-2-300x169.jpeg 300w, https:\/\/www.ssaver.gob.mx\/difusion\/wp-content\/uploads\/sites\/23\/2025\/10\/WhatsApp-Image-2025-10-25-at-13.08.22-2-768x433.jpeg 768w, https:\/\/www.ssaver.gob.mx\/difusion\/wp-content\/uploads\/sites\/23\/2025\/10\/WhatsApp-Image-2025-10-25-at-13.08.22-2.jpeg 1212w\" sizes=\"auto, (max-width: 1024px) 100vw, 1024px\" \/><\/figure>\n\n\n\n<p class=\"has-medium-font-size\">Para prevenir enfermedades y garantizar el acceso a servicios sanitarios seguros, la Direcci\u00f3n de Protecci\u00f3n contra Riesgos Sanitarios mantiene desplegadas brigadas multidisciplinarias en los municipios de Poza Rica, \u00c1lamo&nbsp;Temapache, P\u00e1nuco y El Higo, donde realizan labores de saneamiento en colonias, comunidades y refugios temporales.<\/p>\n\n\n\n<p class=\"has-medium-font-size\">Entre las principales acciones destacan el&nbsp;encalamiento&nbsp;de focos de infecci\u00f3n, la cloraci\u00f3n y desinfecci\u00f3n de sistemas de abastecimiento de agua, as\u00ed como la distribuci\u00f3n de plata coloidal para uso domiciliario; en las localidades de La Crinolina (P\u00e1nuco) y Cube de la Vega (El Higo) se eliminaron 86 focos de infecci\u00f3n mediante saneamiento intensivo.<\/p>\n\n\n\n<div class=\"wp-block-columns is-layout-flex wp-container-core-columns-is-layout-28f84493 wp-block-columns-is-layout-flex\">\n<div class=\"wp-block-column is-vertically-aligned-center is-layout-flow wp-block-column-is-layout-flow\">\n<figure class=\"wp-block-image size-large\"><img loading=\"lazy\" decoding=\"async\" width=\"1024\" height=\"981\" src=\"https:\/\/www.ssaver.gob.mx\/difusion\/wp-content\/uploads\/sites\/23\/2025\/10\/WhatsApp-Image-2025-10-25-at-13.08.22-1-1024x981.jpeg\" alt=\"\" class=\"wp-image-5872\" srcset=\"https:\/\/www.ssaver.gob.mx\/difusion\/wp-content\/uploads\/sites\/23\/2025\/10\/WhatsApp-Image-2025-10-25-at-13.08.22-1-1024x981.jpeg 1024w, https:\/\/www.ssaver.gob.mx\/difusion\/wp-content\/uploads\/sites\/23\/2025\/10\/WhatsApp-Image-2025-10-25-at-13.08.22-1-300x288.jpeg 300w, https:\/\/www.ssaver.gob.mx\/difusion\/wp-content\/uploads\/sites\/23\/2025\/10\/WhatsApp-Image-2025-10-25-at-13.08.22-1-768x736.jpeg 768w, https:\/\/www.ssaver.gob.mx\/difusion\/wp-content\/uploads\/sites\/23\/2025\/10\/WhatsApp-Image-2025-10-25-at-13.08.22-1.jpeg 1250w\" sizes=\"auto, (max-width: 1024px) 100vw, 1024px\" \/><\/figure>\n<\/div>\n\n\n\n<div class=\"wp-block-column is-layout-flow wp-block-column-is-layout-flow\">\n<figure class=\"wp-block-image size-large\"><img loading=\"lazy\" decoding=\"async\" width=\"997\" height=\"1024\" src=\"https:\/\/www.ssaver.gob.mx\/difusion\/wp-content\/uploads\/sites\/23\/2025\/10\/WhatsApp-Image-2025-10-25-at-13.08.22-997x1024.jpeg\" alt=\"\" class=\"wp-image-5873\" srcset=\"https:\/\/www.ssaver.gob.mx\/difusion\/wp-content\/uploads\/sites\/23\/2025\/10\/WhatsApp-Image-2025-10-25-at-13.08.22-997x1024.jpeg 997w, https:\/\/www.ssaver.gob.mx\/difusion\/wp-content\/uploads\/sites\/23\/2025\/10\/WhatsApp-Image-2025-10-25-at-13.08.22-292x300.jpeg 292w, https:\/\/www.ssaver.gob.mx\/difusion\/wp-content\/uploads\/sites\/23\/2025\/10\/WhatsApp-Image-2025-10-25-at-13.08.22-768x788.jpeg 768w, https:\/\/www.ssaver.gob.mx\/difusion\/wp-content\/uploads\/sites\/23\/2025\/10\/WhatsApp-Image-2025-10-25-at-13.08.22.jpeg 1052w\" sizes=\"auto, (max-width: 997px) 100vw, 997px\" \/><\/figure>\n<\/div>\n<\/div>\n\n\n\n<p class=\"has-medium-font-size\">En Poza Rica, el personal sanitario supervis\u00f3 cinco refugios temporales, mientras que en \u00c1lamo se atendieron los albergues instalados en la Escuela Primaria Enrique C.&nbsp;R\u00e9bsamen&nbsp;y el CBTA 57. En P\u00e1nuco y El Higo, las brigadas realizaron tareas de limpieza y control sanitario en nueve albergues adicionales.<\/p>\n\n\n\n<p class=\"has-medium-font-size\">Asimismo, la Secretar\u00eda ha impartido 899 pl\u00e1ticas y asesor\u00edas sobre saneamiento b\u00e1sico y manejo higi\u00e9nico de alimentos, beneficiando a m\u00e1s de 4 mil personas en las zonas afectadas.<\/p>\n\n\n\n<p class=\"has-medium-font-size\">Como parte de la vigilancia sanitaria, se supervisaron 73 establecimientos en Poza Rica y \u00c1lamo para garantizar la inocuidad de alimentos y servicios, adem\u00e1s de verificarse el rastro municipal de \u00c1lamo, donde se aplicaron medidas de saneamiento y control de residuos org\u00e1nicos; tambi\u00e9n se recolectaron 62&nbsp;toneladas de ropa contaminada y se realizaron acciones de fomento sanitario en unidades m\u00e9dicas.<\/p>\n","protected":false},"excerpt":{"rendered":"<p>&gt;Eliminados&nbsp;86 focos de infecci\u00f3n, supervisado 73 establecimientos&nbsp; &gt;M\u00e1s de 4 mil personas&nbsp;recibieron&nbsp;orientaci\u00f3n sobre higiene y saneamiento. Xalapa, Ver.,&nbsp;s\u00e1bado 25&nbsp;de octubre<\/p>\n","protected":false},"author":68,"featured_media":5870,"comment_status":"closed","ping_status":"closed","sticky":false,"template":"","format":"standard","meta":{"colormag_page_container_layout":"default_layout","colormag_page_sidebar_layout":"default_layout","footnotes":""},"categories":[111,115],"tags":[750,751],"class_list":["post-5869","post","type-post","status-publish","format-standard","has-post-thumbnail","hentry","category-boletines","category-general","tag-apoyo-del-director-general","tag-juan-pablo-uribe-gonzalez"],"_links":{"self":[{"href":"https:\/\/www.ssaver.gob.mx\/difusion\/wp-json\/wp\/v2\/posts\/5869","targetHints":{"allow":["GET"]}}],"collection":[{"href":"https:\/\/www.ssaver.gob.mx\/difusion\/wp-json\/wp\/v2\/posts"}],"about":[{"href":"https:\/\/www.ssaver.gob.mx\/difusion\/wp-json\/wp\/v2\/types\/post"}],"author":[{"embeddable":true,"href":"https:\/\/www.ssaver.gob.mx\/difusion\/wp-json\/wp\/v2\/users\/68"}],"replies":[{"embeddable":true,"href":"https:\/\/www.ssaver.gob.mx\/difusion\/wp-json\/wp\/v2\/comments?post=5869"}],"version-history":[{"count":1,"href":"https:\/\/www.ssaver.gob.mx\/difusion\/wp-json\/wp\/v2\/posts\/5869\/revisions"}],"predecessor-version":[{"id":5874,"href":"https:\/\/www.ssaver.gob.mx\/difusion\/wp-json\/wp\/v2\/posts\/5869\/revisions\/5874"}],"wp:featuredmedia":[{"embeddable":true,"href":"https:\/\/www.ssaver.gob.mx\/difusion\/wp-json\/wp\/v2\/media\/5870"}],"wp:attachment":[{"href":"https:\/\/www.ssaver.gob.mx\/difusion\/wp-json\/wp\/v2\/media?parent=5869"}],"wp:term":[{"taxonomy":"category","embeddable":true,"href":"https:\/\/www.ssaver.gob.mx\/difusion\/wp-json\/wp\/v2\/categories?post=5869"},{"taxonomy":"post_tag","embeddable":true,"href":"https:\/\/www.ssaver.gob.mx\/difusion\/wp-json\/wp\/v2\/tags?post=5869"}],"curies":[{"name":"wp","href":"https:\/\/api.w.org\/{rel}","templated":true}]}}