{"id":5878,"date":"2025-10-25T18:58:27","date_gmt":"2025-10-25T23:58:27","guid":{"rendered":"https:\/\/www.ssaver.gob.mx\/difusion\/?p=5878"},"modified":"2025-10-25T18:58:27","modified_gmt":"2025-10-25T23:58:27","slug":"secretaria-de-salud-refuerza-vigilancia-epidemiologica-y-acciones-de-saneamiento-en-el-norte-de-veracruz","status":"publish","type":"post","link":"https:\/\/www.ssaver.gob.mx\/difusion\/2025\/10\/25\/secretaria-de-salud-refuerza-vigilancia-epidemiologica-y-acciones-de-saneamiento-en-el-norte-de-veracruz\/","title":{"rendered":"Secretar\u00eda de Salud refuerza vigilancia epidemiol\u00f3gica y acciones de saneamiento en el norte de Veracruz"},"content":{"rendered":"\n<p class=\"has-medium-font-size\"><strong>Poza Rica, Ver., s\u00e1bado 25<\/strong><strong>\u00a0de octubre de 2025.-\u00a0<\/strong>La Secretar\u00eda de Salud de Veracruz (SS) refuerza las acciones de vigilancia epidemiol\u00f3gica y saneamiento en los municipios afectados por las recientes inundaciones en la zona norte del Estado,\u00a0con el prop\u00f3sito de proteger la salud de la poblaci\u00f3n.<\/p>\n\n\n\n<figure class=\"wp-block-image aligncenter size-large\"><img loading=\"lazy\" decoding=\"async\" width=\"1024\" height=\"576\" src=\"https:\/\/www.ssaver.gob.mx\/difusion\/wp-content\/uploads\/sites\/23\/2025\/10\/WhatsApp-Image-2025-10-25-at-17.14.46-1024x576.jpeg\" alt=\"\" class=\"wp-image-5879\" srcset=\"https:\/\/www.ssaver.gob.mx\/difusion\/wp-content\/uploads\/sites\/23\/2025\/10\/WhatsApp-Image-2025-10-25-at-17.14.46-1024x576.jpeg 1024w, https:\/\/www.ssaver.gob.mx\/difusion\/wp-content\/uploads\/sites\/23\/2025\/10\/WhatsApp-Image-2025-10-25-at-17.14.46-300x169.jpeg 300w, https:\/\/www.ssaver.gob.mx\/difusion\/wp-content\/uploads\/sites\/23\/2025\/10\/WhatsApp-Image-2025-10-25-at-17.14.46-768x432.jpeg 768w, https:\/\/www.ssaver.gob.mx\/difusion\/wp-content\/uploads\/sites\/23\/2025\/10\/WhatsApp-Image-2025-10-25-at-17.14.46.jpeg 1280w\" sizes=\"auto, (max-width: 1024px) 100vw, 1024px\" \/><\/figure>\n\n\n\n<p class=\"has-medium-font-size\">A trav\u00e9s de las jurisdicciones sanitarias y la Direcci\u00f3n de Salud P\u00fablica, brigadas del Departamento de Vectores realizan labores de fumigaci\u00f3n y control larvario en colonias del municipio de Poza Rica. La nebulizaci\u00f3n t\u00e9rmica garantiza una aplicaci\u00f3n uniforme y eficaz del insecticida, contribuyendo al control del mosquito Aedes&nbsp;aegypti, transmisor del dengue,&nbsp;zika&nbsp;y&nbsp;chikungunya.<\/p>\n\n\n\n<figure class=\"wp-block-image aligncenter size-large\"><img loading=\"lazy\" decoding=\"async\" width=\"1024\" height=\"614\" src=\"https:\/\/www.ssaver.gob.mx\/difusion\/wp-content\/uploads\/sites\/23\/2025\/10\/WhatsApp-Image-2025-10-25-at-17.14.46-2-1024x614.jpeg\" alt=\"\" class=\"wp-image-5880\" srcset=\"https:\/\/www.ssaver.gob.mx\/difusion\/wp-content\/uploads\/sites\/23\/2025\/10\/WhatsApp-Image-2025-10-25-at-17.14.46-2-1024x614.jpeg 1024w, https:\/\/www.ssaver.gob.mx\/difusion\/wp-content\/uploads\/sites\/23\/2025\/10\/WhatsApp-Image-2025-10-25-at-17.14.46-2-300x180.jpeg 300w, https:\/\/www.ssaver.gob.mx\/difusion\/wp-content\/uploads\/sites\/23\/2025\/10\/WhatsApp-Image-2025-10-25-at-17.14.46-2-768x461.jpeg 768w, https:\/\/www.ssaver.gob.mx\/difusion\/wp-content\/uploads\/sites\/23\/2025\/10\/WhatsApp-Image-2025-10-25-at-17.14.46-2.jpeg 1280w\" sizes=\"auto, (max-width: 1024px) 100vw, 1024px\" \/><\/figure>\n\n\n\n<p class=\"has-medium-font-size\">Durante las jornadas, el personal operativo brinda orientaci\u00f3n a la poblaci\u00f3n sobre las medidas preventivas necesarias para mantener los hogares libres de criaderos de mosquitos, destacando que la participaci\u00f3n comunitaria es esencial para lograr resultados sostenibles en la prevenci\u00f3n de estas enfermedades.<\/p>\n\n\n\n<figure class=\"wp-block-image aligncenter size-large\"><img loading=\"lazy\" decoding=\"async\" width=\"819\" height=\"1024\" src=\"https:\/\/www.ssaver.gob.mx\/difusion\/wp-content\/uploads\/sites\/23\/2025\/10\/WhatsApp-Image-2025-10-25-at-17.14.46-3-819x1024.jpeg\" alt=\"\" class=\"wp-image-5881\" srcset=\"https:\/\/www.ssaver.gob.mx\/difusion\/wp-content\/uploads\/sites\/23\/2025\/10\/WhatsApp-Image-2025-10-25-at-17.14.46-3-819x1024.jpeg 819w, https:\/\/www.ssaver.gob.mx\/difusion\/wp-content\/uploads\/sites\/23\/2025\/10\/WhatsApp-Image-2025-10-25-at-17.14.46-3-240x300.jpeg 240w, https:\/\/www.ssaver.gob.mx\/difusion\/wp-content\/uploads\/sites\/23\/2025\/10\/WhatsApp-Image-2025-10-25-at-17.14.46-3-768x960.jpeg 768w, https:\/\/www.ssaver.gob.mx\/difusion\/wp-content\/uploads\/sites\/23\/2025\/10\/WhatsApp-Image-2025-10-25-at-17.14.46-3.jpeg 900w\" sizes=\"auto, (max-width: 819px) 100vw, 819px\" \/><\/figure>\n\n\n\n<p class=\"has-medium-font-size\">Como parte de las acciones integrales, las brigadas realizan inspecciones domiciliarias, eliminan objetos que pueden acumular agua, aplican tratamiento en dep\u00f3sitos y promueven el almacenamiento adecuado del agua en recipientes tapados y limpios.<\/p>\n\n\n\n<figure class=\"wp-block-image aligncenter size-large\"><img loading=\"lazy\" decoding=\"async\" width=\"1024\" height=\"576\" src=\"https:\/\/www.ssaver.gob.mx\/difusion\/wp-content\/uploads\/sites\/23\/2025\/10\/WhatsApp-Image-2025-10-25-at-17.14.46-1-1024x576.jpeg\" alt=\"\" class=\"wp-image-5882\" srcset=\"https:\/\/www.ssaver.gob.mx\/difusion\/wp-content\/uploads\/sites\/23\/2025\/10\/WhatsApp-Image-2025-10-25-at-17.14.46-1-1024x576.jpeg 1024w, https:\/\/www.ssaver.gob.mx\/difusion\/wp-content\/uploads\/sites\/23\/2025\/10\/WhatsApp-Image-2025-10-25-at-17.14.46-1-300x169.jpeg 300w, https:\/\/www.ssaver.gob.mx\/difusion\/wp-content\/uploads\/sites\/23\/2025\/10\/WhatsApp-Image-2025-10-25-at-17.14.46-1-768x432.jpeg 768w, https:\/\/www.ssaver.gob.mx\/difusion\/wp-content\/uploads\/sites\/23\/2025\/10\/WhatsApp-Image-2025-10-25-at-17.14.46-1.jpeg 1280w\" sizes=\"auto, (max-width: 1024px) 100vw, 1024px\" \/><\/figure>\n\n\n\n<p class=\"has-medium-font-size\">Estas labores se suman a los esfuerzos coordinados con los tres niveles de gobierno y las instituciones del sector salud, con el fin de fortalecer la atenci\u00f3n y protecci\u00f3n sanitaria en las zonas afectadas por las lluvias e inundaciones recientes.<\/p>\n\n\n\n<p class=\"has-medium-font-size\">La Secretar\u00eda de Salud de Veracruz en coordinaci\u00f3n con el IMSS-Bienestar&nbsp;reafirman&nbsp;su compromiso con la seguridad sanitaria de las familias veracruzanas, y mantienen activos los operativos de saneamiento y vigilancia epidemiol\u00f3gica hasta garantizar la cobertura total en la regi\u00f3n norte del Estado.<\/p>\n","protected":false},"excerpt":{"rendered":"<p>Poza Rica, Ver., s\u00e1bado 25\u00a0de octubre de 2025.-\u00a0La Secretar\u00eda de Salud de Veracruz (SS) refuerza las acciones de vigilancia epidemiol\u00f3gica<\/p>\n","protected":false},"author":68,"featured_media":5883,"comment_status":"closed","ping_status":"closed","sticky":false,"template":"","format":"standard","meta":{"colormag_page_container_layout":"default_layout","colormag_page_sidebar_layout":"default_layout","footnotes":""},"categories":[111,115],"tags":[750,751],"class_list":["post-5878","post","type-post","status-publish","format-standard","has-post-thumbnail","hentry","category-boletines","category-general","tag-apoyo-del-director-general","tag-juan-pablo-uribe-gonzalez"],"_links":{"self":[{"href":"https:\/\/www.ssaver.gob.mx\/difusion\/wp-json\/wp\/v2\/posts\/5878","targetHints":{"allow":["GET"]}}],"collection":[{"href":"https:\/\/www.ssaver.gob.mx\/difusion\/wp-json\/wp\/v2\/posts"}],"about":[{"href":"https:\/\/www.ssaver.gob.mx\/difusion\/wp-json\/wp\/v2\/types\/post"}],"author":[{"embeddable":true,"href":"https:\/\/www.ssaver.gob.mx\/difusion\/wp-json\/wp\/v2\/users\/68"}],"replies":[{"embeddable":true,"href":"https:\/\/www.ssaver.gob.mx\/difusion\/wp-json\/wp\/v2\/comments?post=5878"}],"version-history":[{"count":1,"href":"https:\/\/www.ssaver.gob.mx\/difusion\/wp-json\/wp\/v2\/posts\/5878\/revisions"}],"predecessor-version":[{"id":5884,"href":"https:\/\/www.ssaver.gob.mx\/difusion\/wp-json\/wp\/v2\/posts\/5878\/revisions\/5884"}],"wp:featuredmedia":[{"embeddable":true,"href":"https:\/\/www.ssaver.gob.mx\/difusion\/wp-json\/wp\/v2\/media\/5883"}],"wp:attachment":[{"href":"https:\/\/www.ssaver.gob.mx\/difusion\/wp-json\/wp\/v2\/media?parent=5878"}],"wp:term":[{"taxonomy":"category","embeddable":true,"href":"https:\/\/www.ssaver.gob.mx\/difusion\/wp-json\/wp\/v2\/categories?post=5878"},{"taxonomy":"post_tag","embeddable":true,"href":"https:\/\/www.ssaver.gob.mx\/difusion\/wp-json\/wp\/v2\/tags?post=5878"}],"curies":[{"name":"wp","href":"https:\/\/api.w.org\/{rel}","templated":true}]}}