{"id":5885,"date":"2025-10-29T17:30:08","date_gmt":"2025-10-29T23:30:08","guid":{"rendered":"https:\/\/www.ssaver.gob.mx\/difusion\/?p=5885"},"modified":"2025-10-29T17:33:23","modified_gmt":"2025-10-29T23:33:23","slug":"vacunacion-atencion-medica-y-saneamiento-respuesta-de-salud-ante-emergencia","status":"publish","type":"post","link":"https:\/\/www.ssaver.gob.mx\/difusion\/2025\/10\/29\/vacunacion-atencion-medica-y-saneamiento-respuesta-de-salud-ante-emergencia\/","title":{"rendered":"Vacunaci\u00f3n, atenci\u00f3n m\u00e9dica y saneamiento: respuesta de Salud ante\u00a0emergencia"},"content":{"rendered":"\n<p class=\"has-small-font-size\">&gt;M\u00e1s de 6 mil atenciones m\u00e9dicas y 14 mil vacunas aplicadas en el norte del estado.<\/p>\n\n\n\n<p class=\"has-small-font-size\">&gt;Se han tratado m\u00e1s de 300 focos infecciosos y reforzado la higiene comunitaria.<\/p>\n\n\n\n<p class=\"has-medium-font-size\"><strong>\u00c1<\/strong><strong>lamo, Ver., mi\u00e9rcoles 29 de octubre de 2025<\/strong>.-&nbsp;La Secretar\u00eda de Salud (SS) mantiene activo el Operativo de Seguridad en Salud en la zona norte, para atender a la poblaci\u00f3n afectada por las inundaciones registradas a partir del&nbsp;09 de octubre en municipios como&nbsp;\u00c1lamo,&nbsp;Poza Rica y comunidades de la sierra.<\/p>\n\n\n\n<figure class=\"wp-block-image aligncenter size-large\"><img loading=\"lazy\" decoding=\"async\" width=\"1024\" height=\"576\" src=\"https:\/\/www.ssaver.gob.mx\/difusion\/wp-content\/uploads\/sites\/23\/2025\/10\/4-1024x576.jpeg\" alt=\"\" class=\"wp-image-5887\" srcset=\"https:\/\/www.ssaver.gob.mx\/difusion\/wp-content\/uploads\/sites\/23\/2025\/10\/4-1024x576.jpeg 1024w, https:\/\/www.ssaver.gob.mx\/difusion\/wp-content\/uploads\/sites\/23\/2025\/10\/4-300x169.jpeg 300w, https:\/\/www.ssaver.gob.mx\/difusion\/wp-content\/uploads\/sites\/23\/2025\/10\/4-768x432.jpeg 768w, https:\/\/www.ssaver.gob.mx\/difusion\/wp-content\/uploads\/sites\/23\/2025\/10\/4.jpeg 1280w\" sizes=\"auto, (max-width: 1024px) 100vw, 1024px\" \/><\/figure>\n\n\n\n<p class=\"has-medium-font-size\">Como parte de las acciones integrales, 27 brigadas m\u00e9dicas han brindado 6 mil 355 consultas a personas con infecciones respiratorias, enfermedades gastrointestinales, hipertensi\u00f3n, diabetes y afecciones d\u00e9rmicas, entre otras; simult\u00e1neamente&nbsp;se han aplicado&nbsp;83&nbsp;mil&nbsp;230&nbsp;dosis de vacunas en albergues, colonias y localidades rurales, garantizando la cobertura de los esquemas b\u00e1sicos en ni\u00f1os, ni\u00f1as y adultos.<\/p>\n\n\n\n<figure class=\"wp-block-image aligncenter size-large\"><img loading=\"lazy\" decoding=\"async\" width=\"1024\" height=\"858\" src=\"https:\/\/www.ssaver.gob.mx\/difusion\/wp-content\/uploads\/sites\/23\/2025\/10\/3-1024x858.jpeg\" alt=\"\" class=\"wp-image-5888\" srcset=\"https:\/\/www.ssaver.gob.mx\/difusion\/wp-content\/uploads\/sites\/23\/2025\/10\/3-1024x858.jpeg 1024w, https:\/\/www.ssaver.gob.mx\/difusion\/wp-content\/uploads\/sites\/23\/2025\/10\/3-300x251.jpeg 300w, https:\/\/www.ssaver.gob.mx\/difusion\/wp-content\/uploads\/sites\/23\/2025\/10\/3-768x644.jpeg 768w, https:\/\/www.ssaver.gob.mx\/difusion\/wp-content\/uploads\/sites\/23\/2025\/10\/3.jpeg 1050w\" sizes=\"auto, (max-width: 1024px) 100vw, 1024px\" \/><\/figure>\n\n\n\n<p class=\"has-medium-font-size\">En materia de vigilancia epidemiol\u00f3gica y saneamiento b\u00e1sico, personal de Salud P\u00fablica realiza recorridos casa por casa para orientar sobre el manejo higi\u00e9nico del agua y los alimentos, adem\u00e1s de distribuir 3 mil 611 frascos de plata coloidal para la desinfecci\u00f3n de dep\u00f3sitos de agua. Tambi\u00e9n se han difundido materiales informativos y efectuados jornadas de limpieza en comunidades afectadas.<\/p>\n\n\n\n<figure class=\"wp-block-image aligncenter size-large\"><img loading=\"lazy\" decoding=\"async\" width=\"1024\" height=\"576\" src=\"https:\/\/www.ssaver.gob.mx\/difusion\/wp-content\/uploads\/sites\/23\/2025\/10\/2-1024x576.jpeg\" alt=\"\" class=\"wp-image-5889\" srcset=\"https:\/\/www.ssaver.gob.mx\/difusion\/wp-content\/uploads\/sites\/23\/2025\/10\/2-1024x576.jpeg 1024w, https:\/\/www.ssaver.gob.mx\/difusion\/wp-content\/uploads\/sites\/23\/2025\/10\/2-300x169.jpeg 300w, https:\/\/www.ssaver.gob.mx\/difusion\/wp-content\/uploads\/sites\/23\/2025\/10\/2-768x432.jpeg 768w, https:\/\/www.ssaver.gob.mx\/difusion\/wp-content\/uploads\/sites\/23\/2025\/10\/2.jpeg 1280w\" sizes=\"auto, (max-width: 1024px) 100vw, 1024px\" \/><\/figure>\n\n\n\n<p class=\"has-medium-font-size\">Las brigadas del Departamento de Vectores han protegido a 78 mil 851 personas mediante la nebulizaci\u00f3n de 6 mil 935 hect\u00e1reas, evitando la proliferaci\u00f3n del mosquito transmisor del dengue,&nbsp;zika&nbsp;y&nbsp;chikungunya.<\/p>\n\n\n\n<p class=\"has-medium-font-size\">Por su parte, el personal de Protecci\u00f3n contra Riesgos Sanitarios refuerza la vigilancia en comunidades y zonas urbanas mediante el tratamiento de 311 focos infecciosos y la distribuci\u00f3n de 36 mil 200 kilos de cal para labores de&nbsp;encalamiento&nbsp;en calles, viviendas y espacios p\u00fablicos.<\/p>\n\n\n\n<figure class=\"wp-block-image aligncenter size-full\"><img loading=\"lazy\" decoding=\"async\" width=\"1016\" height=\"768\" src=\"https:\/\/www.ssaver.gob.mx\/difusion\/wp-content\/uploads\/sites\/23\/2025\/10\/1.jpeg\" alt=\"\" class=\"wp-image-5890\" srcset=\"https:\/\/www.ssaver.gob.mx\/difusion\/wp-content\/uploads\/sites\/23\/2025\/10\/1.jpeg 1016w, https:\/\/www.ssaver.gob.mx\/difusion\/wp-content\/uploads\/sites\/23\/2025\/10\/1-300x227.jpeg 300w, https:\/\/www.ssaver.gob.mx\/difusion\/wp-content\/uploads\/sites\/23\/2025\/10\/1-768x581.jpeg 768w\" sizes=\"auto, (max-width: 1016px) 100vw, 1016px\" \/><\/figure>\n\n\n\n<p class=\"has-medium-font-size\">Como ejemplo, en&nbsp;la comunidad El Aguacate de&nbsp;Vinazco, municipio de&nbsp;\u00c1lamo, personal m\u00e9dico y de enfermer\u00eda brinda atenci\u00f3n continua a cerca de 400 habitantes afectados&nbsp;por las recientes inundaciones;&nbsp;se han otorgado consultas m\u00e9dicas, vigilancia epidemiol\u00f3gica, vacunaci\u00f3n completa y acciones de saneamiento b\u00e1sico, adem\u00e1s de apoyo en el retiro de residuos y ropa en desuso para prevenir enfermedades respiratorias y gastrointestinales.<\/p>\n","protected":false},"excerpt":{"rendered":"<p>&gt;M\u00e1s de 6 mil atenciones m\u00e9dicas y 14 mil vacunas aplicadas en el norte del estado. &gt;Se han tratado m\u00e1s<\/p>\n","protected":false},"author":68,"featured_media":5886,"comment_status":"closed","ping_status":"closed","sticky":false,"template":"","format":"standard","meta":{"colormag_page_container_layout":"default_layout","colormag_page_sidebar_layout":"default_layout","footnotes":""},"categories":[111,115],"tags":[750,751],"class_list":["post-5885","post","type-post","status-publish","format-standard","has-post-thumbnail","hentry","category-boletines","category-general","tag-apoyo-del-director-general","tag-juan-pablo-uribe-gonzalez"],"_links":{"self":[{"href":"https:\/\/www.ssaver.gob.mx\/difusion\/wp-json\/wp\/v2\/posts\/5885","targetHints":{"allow":["GET"]}}],"collection":[{"href":"https:\/\/www.ssaver.gob.mx\/difusion\/wp-json\/wp\/v2\/posts"}],"about":[{"href":"https:\/\/www.ssaver.gob.mx\/difusion\/wp-json\/wp\/v2\/types\/post"}],"author":[{"embeddable":true,"href":"https:\/\/www.ssaver.gob.mx\/difusion\/wp-json\/wp\/v2\/users\/68"}],"replies":[{"embeddable":true,"href":"https:\/\/www.ssaver.gob.mx\/difusion\/wp-json\/wp\/v2\/comments?post=5885"}],"version-history":[{"count":2,"href":"https:\/\/www.ssaver.gob.mx\/difusion\/wp-json\/wp\/v2\/posts\/5885\/revisions"}],"predecessor-version":[{"id":5892,"href":"https:\/\/www.ssaver.gob.mx\/difusion\/wp-json\/wp\/v2\/posts\/5885\/revisions\/5892"}],"wp:featuredmedia":[{"embeddable":true,"href":"https:\/\/www.ssaver.gob.mx\/difusion\/wp-json\/wp\/v2\/media\/5886"}],"wp:attachment":[{"href":"https:\/\/www.ssaver.gob.mx\/difusion\/wp-json\/wp\/v2\/media?parent=5885"}],"wp:term":[{"taxonomy":"category","embeddable":true,"href":"https:\/\/www.ssaver.gob.mx\/difusion\/wp-json\/wp\/v2\/categories?post=5885"},{"taxonomy":"post_tag","embeddable":true,"href":"https:\/\/www.ssaver.gob.mx\/difusion\/wp-json\/wp\/v2\/tags?post=5885"}],"curies":[{"name":"wp","href":"https:\/\/api.w.org\/{rel}","templated":true}]}}