{"id":5894,"date":"2025-11-05T10:24:04","date_gmt":"2025-11-05T16:24:04","guid":{"rendered":"https:\/\/www.ssaver.gob.mx\/difusion\/?p=5894"},"modified":"2025-11-05T10:24:04","modified_gmt":"2025-11-05T16:24:04","slug":"ss-asegura-atencion-continua-y-supervisa-infraestructura-medica-afectada-por-las-inundaciones-en-panuco","status":"publish","type":"post","link":"https:\/\/www.ssaver.gob.mx\/difusion\/2025\/11\/05\/ss-asegura-atencion-continua-y-supervisa-infraestructura-medica-afectada-por-las-inundaciones-en-panuco\/","title":{"rendered":"SS\u00a0asegura atenci\u00f3n continua y supervisa infraestructura m\u00e9dica afectada por las inundaciones en P\u00e1nuco"},"content":{"rendered":"\n<p>&gt;Poblaci\u00f3n recibe insumos para desinfecci\u00f3n de alimentos y medidas de prevenci\u00f3n.<\/p>\n\n\n\n<p class=\"has-medium-font-size\"><strong>P<\/strong><strong>\u00e1<\/strong><strong>nuco, Ver.,\u00a0<\/strong><strong>martes\u00a0<\/strong><strong>04 de noviembre de 2025.-\u00a0<\/strong>La Secretar\u00eda de Salud (SS) brinda atenci\u00f3n permanente en los\u00a0municipios del norte\u00a0que resultaron afectados por las inundaciones. En las localidades de Oviedo y El Morillo de\u00a0P\u00e1nuco, se reforzaron acciones de saneamiento b\u00e1sico y se supervis\u00f3\u00a0la infraestructura m\u00e9dica con el objetivo de identificar y atender las necesidades de cada espacio.<\/p>\n\n\n\n<div class=\"wp-block-columns is-layout-flex wp-container-core-columns-is-layout-28f84493 wp-block-columns-is-layout-flex\">\n<div class=\"wp-block-column is-vertically-aligned-center is-layout-flow wp-block-column-is-layout-flow\">\n<figure class=\"wp-block-image size-full\"><img loading=\"lazy\" decoding=\"async\" width=\"719\" height=\"997\" src=\"https:\/\/www.ssaver.gob.mx\/difusion\/wp-content\/uploads\/sites\/23\/2025\/11\/WhatsApp-Image-2025-11-05-at-07.53.00.jpg\" alt=\"\" class=\"wp-image-5897\" srcset=\"https:\/\/www.ssaver.gob.mx\/difusion\/wp-content\/uploads\/sites\/23\/2025\/11\/WhatsApp-Image-2025-11-05-at-07.53.00.jpg 719w, https:\/\/www.ssaver.gob.mx\/difusion\/wp-content\/uploads\/sites\/23\/2025\/11\/WhatsApp-Image-2025-11-05-at-07.53.00-216x300.jpg 216w\" sizes=\"auto, (max-width: 719px) 100vw, 719px\" \/><\/figure>\n<\/div>\n\n\n\n<div class=\"wp-block-column is-layout-flow wp-block-column-is-layout-flow\">\n<figure class=\"wp-block-image size-large\"><img loading=\"lazy\" decoding=\"async\" width=\"713\" height=\"1024\" src=\"https:\/\/www.ssaver.gob.mx\/difusion\/wp-content\/uploads\/sites\/23\/2025\/11\/WhatsApp-Image-2025-11-05-at-07.53.00-2-1-713x1024.jpg\" alt=\"\" class=\"wp-image-5898\" srcset=\"https:\/\/www.ssaver.gob.mx\/difusion\/wp-content\/uploads\/sites\/23\/2025\/11\/WhatsApp-Image-2025-11-05-at-07.53.00-2-1-713x1024.jpg 713w, https:\/\/www.ssaver.gob.mx\/difusion\/wp-content\/uploads\/sites\/23\/2025\/11\/WhatsApp-Image-2025-11-05-at-07.53.00-2-1-209x300.jpg 209w, https:\/\/www.ssaver.gob.mx\/difusion\/wp-content\/uploads\/sites\/23\/2025\/11\/WhatsApp-Image-2025-11-05-at-07.53.00-2-1.jpg 719w\" sizes=\"auto, (max-width: 713px) 100vw, 713px\" \/><\/figure>\n<\/div>\n<\/div>\n\n\n\n<p class=\"has-medium-font-size\">A trav\u00e9s de la Direcci\u00f3n de Protecci\u00f3n contra Riesgos Sanitarios y en coordinaci\u00f3n con Regulaci\u00f3n Sanitaria de la Jurisdicci\u00f3n Sanitaria I, casa por casa se distribuyeron unidades de hipoclorito de calcio y plata coloidal, adem\u00e1s de\u00a0informar a la poblaci\u00f3n sobre las medidas para la correcta desinfecci\u00f3n de alimentos y dep\u00f3sitos de agua.\u00a0<\/p>\n\n\n\n<figure class=\"wp-block-image aligncenter size-large\"><img loading=\"lazy\" decoding=\"async\" width=\"1024\" height=\"770\" src=\"https:\/\/www.ssaver.gob.mx\/difusion\/wp-content\/uploads\/sites\/23\/2025\/11\/WhatsApp-Image-2025-11-05-at-07.53.00-1-1024x770.jpg\" alt=\"\" class=\"wp-image-5899\" srcset=\"https:\/\/www.ssaver.gob.mx\/difusion\/wp-content\/uploads\/sites\/23\/2025\/11\/WhatsApp-Image-2025-11-05-at-07.53.00-1-1024x770.jpg 1024w, https:\/\/www.ssaver.gob.mx\/difusion\/wp-content\/uploads\/sites\/23\/2025\/11\/WhatsApp-Image-2025-11-05-at-07.53.00-1-300x226.jpg 300w, https:\/\/www.ssaver.gob.mx\/difusion\/wp-content\/uploads\/sites\/23\/2025\/11\/WhatsApp-Image-2025-11-05-at-07.53.00-1-768x578.jpg 768w, https:\/\/www.ssaver.gob.mx\/difusion\/wp-content\/uploads\/sites\/23\/2025\/11\/WhatsApp-Image-2025-11-05-at-07.53.00-1.jpg 1280w\" sizes=\"auto, (max-width: 1024px) 100vw, 1024px\" \/><\/figure>\n\n\n\n<p class=\"has-medium-font-size\">Las brigadas tambi\u00e9n proporcionaron&nbsp;material did\u00e1ctico e informativo para el reforzamiento&nbsp;de acciones de saneamiento,&nbsp;prevenci\u00f3n&nbsp;de enfermedades y para mejorar&nbsp;las condiciones de higiene y la inocuidad de los&nbsp;alimentos.<\/p>\n\n\n\n<p class=\"has-medium-font-size\">Asimismo, se identificaron pozos utilizados para el almacenamiento de agua, los cuales ser\u00e1n monitoreados por&nbsp;el personal de la SS, a fin de&nbsp;vigilar que cuenten con las condiciones id\u00f3neas y, en caso de necesitarse, se apliquen los tratamientos de saneamiento.&nbsp;<\/p>\n\n\n\n<figure class=\"wp-block-image aligncenter size-full\"><img loading=\"lazy\" decoding=\"async\" width=\"963\" height=\"987\" src=\"https:\/\/www.ssaver.gob.mx\/difusion\/wp-content\/uploads\/sites\/23\/2025\/11\/WhatsApp-Image-2025-11-05-at-07.52.59.jpg\" alt=\"\" class=\"wp-image-5900\" srcset=\"https:\/\/www.ssaver.gob.mx\/difusion\/wp-content\/uploads\/sites\/23\/2025\/11\/WhatsApp-Image-2025-11-05-at-07.52.59.jpg 963w, https:\/\/www.ssaver.gob.mx\/difusion\/wp-content\/uploads\/sites\/23\/2025\/11\/WhatsApp-Image-2025-11-05-at-07.52.59-293x300.jpg 293w, https:\/\/www.ssaver.gob.mx\/difusion\/wp-content\/uploads\/sites\/23\/2025\/11\/WhatsApp-Image-2025-11-05-at-07.52.59-768x787.jpg 768w\" sizes=\"auto, (max-width: 963px) 100vw, 963px\" \/><\/figure>\n\n\n\n<p class=\"has-medium-font-size\">En la localidad de Oviedo, se evalu\u00f3 el estado&nbsp;de la infraestructura del Centro de Salud, as\u00ed&nbsp;como las instalaciones el\u00e9ctricas e hidr\u00e1ulicas, y se identificaron las mejoras que deben realizarse para garantizar condiciones adecuadas y&nbsp;atenci\u00f3n m\u00e9dica oportuna y de calidad a la poblaci\u00f3n, as\u00ed&nbsp;como&nbsp;para&nbsp;la salvaguarda de los medicamentos y vacunas.<\/p>\n","protected":false},"excerpt":{"rendered":"<p>&gt;Poblaci\u00f3n recibe insumos para desinfecci\u00f3n de alimentos y medidas de prevenci\u00f3n. P\u00e1nuco, Ver.,\u00a0martes\u00a004 de noviembre de 2025.-\u00a0La Secretar\u00eda de Salud<\/p>\n","protected":false},"author":68,"featured_media":5895,"comment_status":"closed","ping_status":"closed","sticky":false,"template":"","format":"standard","meta":{"colormag_page_container_layout":"default_layout","colormag_page_sidebar_layout":"default_layout","footnotes":""},"categories":[111,115],"tags":[750,849,819,751,850,184,570,142],"class_list":["post-5894","post","type-post","status-publish","format-standard","has-post-thumbnail","hentry","category-boletines","category-general","tag-apoyo-del-director-general","tag-direccion-de-proteccion-contra-riesgos-sanitarios","tag-inundaciones-en-poza-rica","tag-juan-pablo-uribe-gonzalez","tag-jurisdiccion-sanitaria-i","tag-sesver","tag-ss","tag-veracruz"],"_links":{"self":[{"href":"https:\/\/www.ssaver.gob.mx\/difusion\/wp-json\/wp\/v2\/posts\/5894","targetHints":{"allow":["GET"]}}],"collection":[{"href":"https:\/\/www.ssaver.gob.mx\/difusion\/wp-json\/wp\/v2\/posts"}],"about":[{"href":"https:\/\/www.ssaver.gob.mx\/difusion\/wp-json\/wp\/v2\/types\/post"}],"author":[{"embeddable":true,"href":"https:\/\/www.ssaver.gob.mx\/difusion\/wp-json\/wp\/v2\/users\/68"}],"replies":[{"embeddable":true,"href":"https:\/\/www.ssaver.gob.mx\/difusion\/wp-json\/wp\/v2\/comments?post=5894"}],"version-history":[{"count":1,"href":"https:\/\/www.ssaver.gob.mx\/difusion\/wp-json\/wp\/v2\/posts\/5894\/revisions"}],"predecessor-version":[{"id":5901,"href":"https:\/\/www.ssaver.gob.mx\/difusion\/wp-json\/wp\/v2\/posts\/5894\/revisions\/5901"}],"wp:featuredmedia":[{"embeddable":true,"href":"https:\/\/www.ssaver.gob.mx\/difusion\/wp-json\/wp\/v2\/media\/5895"}],"wp:attachment":[{"href":"https:\/\/www.ssaver.gob.mx\/difusion\/wp-json\/wp\/v2\/media?parent=5894"}],"wp:term":[{"taxonomy":"category","embeddable":true,"href":"https:\/\/www.ssaver.gob.mx\/difusion\/wp-json\/wp\/v2\/categories?post=5894"},{"taxonomy":"post_tag","embeddable":true,"href":"https:\/\/www.ssaver.gob.mx\/difusion\/wp-json\/wp\/v2\/tags?post=5894"}],"curies":[{"name":"wp","href":"https:\/\/api.w.org\/{rel}","templated":true}]}}