{"id":5902,"date":"2025-11-12T13:39:36","date_gmt":"2025-11-12T19:39:36","guid":{"rendered":"https:\/\/www.ssaver.gob.mx\/difusion\/?p=5902"},"modified":"2025-11-12T13:39:36","modified_gmt":"2025-11-12T19:39:36","slug":"a-traves-del-cae-mejora-salud-calidad-de-vida-de-pacientes-cardiovasculares","status":"publish","type":"post","link":"https:\/\/www.ssaver.gob.mx\/difusion\/2025\/11\/12\/a-traves-del-cae-mejora-salud-calidad-de-vida-de-pacientes-cardiovasculares\/","title":{"rendered":"A trav\u00e9s del CAE, mejora Salud calidad de vida de pacientes cardiovasculares"},"content":{"rendered":"\n<p>&gt;Atiende&nbsp;a poblaci\u00f3n&nbsp;de Veracruz,&nbsp;Puebla, Oaxaca, Tabasco y Tamaulipas.<\/p>\n\n\n\n<p class=\"has-medium-font-size\"><strong>Xalapa, Ver.,&nbsp;<\/strong><strong>mi\u00e9rcoles<\/strong><strong>&nbsp;<\/strong><strong>12<\/strong><strong>&nbsp;de noviembre de 2025.-<\/strong>&nbsp;Desde hace 30 a\u00f1os, el&nbsp;Centro de Alta Especialidad (CAE) Dr. Rafael Lucio&nbsp;garantiza la atenci\u00f3n a pacientes con enfermedades cardiovasculares a trav\u00e9s de&nbsp;tratamientos y procedimientos quir\u00fargicos&nbsp;como&nbsp;la cirug\u00eda&nbsp;de coraz\u00f3n abierto, siendo el \u00fanico&nbsp;hospital de la Secretar\u00eda de Salud que las realiza.<\/p>\n\n\n\n<p class=\"has-medium-font-size\">Actualmente tiene capacidad para&nbsp;efectuar&nbsp;cateterismo cardiaco&nbsp;y colocar marcapasos, en beneficio de la&nbsp;poblaci\u00f3n de Veracruz y estados vecinos como Puebla, Oaxaca, Tabasco y Tamaulipas.<\/p>\n\n\n\n<figure class=\"wp-block-image aligncenter size-large\"><img loading=\"lazy\" decoding=\"async\" width=\"1024\" height=\"682\" src=\"https:\/\/www.ssaver.gob.mx\/difusion\/wp-content\/uploads\/sites\/23\/2025\/11\/WhatsApp-Image-2025-11-12-at-13.07.37-1024x682.jpeg\" alt=\"\" class=\"wp-image-5905\" srcset=\"https:\/\/www.ssaver.gob.mx\/difusion\/wp-content\/uploads\/sites\/23\/2025\/11\/WhatsApp-Image-2025-11-12-at-13.07.37-1024x682.jpeg 1024w, https:\/\/www.ssaver.gob.mx\/difusion\/wp-content\/uploads\/sites\/23\/2025\/11\/WhatsApp-Image-2025-11-12-at-13.07.37-300x200.jpeg 300w, https:\/\/www.ssaver.gob.mx\/difusion\/wp-content\/uploads\/sites\/23\/2025\/11\/WhatsApp-Image-2025-11-12-at-13.07.37-768x512.jpeg 768w, https:\/\/www.ssaver.gob.mx\/difusion\/wp-content\/uploads\/sites\/23\/2025\/11\/WhatsApp-Image-2025-11-12-at-13.07.37-1536x1024.jpeg 1536w, https:\/\/www.ssaver.gob.mx\/difusion\/wp-content\/uploads\/sites\/23\/2025\/11\/WhatsApp-Image-2025-11-12-at-13.07.37-2048x1365.jpeg 2048w\" sizes=\"auto, (max-width: 1024px) 100vw, 1024px\" \/><\/figure>\n\n\n\n<p class=\"has-medium-font-size\">\u201cLa modernizaci\u00f3n de equipos y&nbsp;capacitaci\u00f3n del personal especializado en cardiolog\u00eda y cirug\u00eda cardiovascular permite&nbsp;mejorar significativamente la vida de las y los veracruzanos con&nbsp;tratamientos oportunos y seguros\u201d,&nbsp;expres\u00f3&nbsp;el jefe del Servicio de Cardiolog\u00eda,&nbsp;Hemodinamia&nbsp;y Cirug\u00eda Cardiovascular,&nbsp;Roberto Dom\u00ednguez L\u00f3pez.<\/p>\n\n\n\n<p class=\"has-medium-font-size\">Agreg\u00f3 que este tipo de enfermedades ocupa uno de los primeros lugares de mortalidad a nivel mundial;\u00a0por\u00a0tanto,\u00a0fortalecer la cultura de prevenci\u00f3n\u00a0mediante\u00a0h\u00e1bitos saludables como una\u00a0buena alimentaci\u00f3n y ejercicio\u00a0es fundamental para descartar estos padecimientos.\u00a0<\/p>\n\n\n\n<figure class=\"wp-block-image aligncenter size-large\"><img loading=\"lazy\" decoding=\"async\" width=\"1024\" height=\"682\" src=\"https:\/\/www.ssaver.gob.mx\/difusion\/wp-content\/uploads\/sites\/23\/2025\/11\/WhatsApp-Image-2025-11-12-at-13.07.37-1-1024x682.jpeg\" alt=\"\" class=\"wp-image-5904\" srcset=\"https:\/\/www.ssaver.gob.mx\/difusion\/wp-content\/uploads\/sites\/23\/2025\/11\/WhatsApp-Image-2025-11-12-at-13.07.37-1-1024x682.jpeg 1024w, https:\/\/www.ssaver.gob.mx\/difusion\/wp-content\/uploads\/sites\/23\/2025\/11\/WhatsApp-Image-2025-11-12-at-13.07.37-1-300x200.jpeg 300w, https:\/\/www.ssaver.gob.mx\/difusion\/wp-content\/uploads\/sites\/23\/2025\/11\/WhatsApp-Image-2025-11-12-at-13.07.37-1-768x512.jpeg 768w, https:\/\/www.ssaver.gob.mx\/difusion\/wp-content\/uploads\/sites\/23\/2025\/11\/WhatsApp-Image-2025-11-12-at-13.07.37-1-1536x1024.jpeg 1536w, https:\/\/www.ssaver.gob.mx\/difusion\/wp-content\/uploads\/sites\/23\/2025\/11\/WhatsApp-Image-2025-11-12-at-13.07.37-1-2048x1365.jpeg 2048w\" sizes=\"auto, (max-width: 1024px) 100vw, 1024px\" \/><\/figure>\n\n\n\n<p class=\"has-medium-font-size\">Un ejemplo es Mar\u00eda de Lourdes Medina L\u00f3pez, de 37 a\u00f1os y&nbsp;originaria de Huatusco, a quien se le diagnostic\u00f3 conducto arterioso persistente, un defecto cong\u00e9nito que limita el&nbsp;desarrollo y las funciones del coraz\u00f3n,&nbsp;adem\u00e1s de&nbsp;insuficiencia valvular mitral; por ello le fue colocado&nbsp;un implante&nbsp;que le permitir\u00e1 tener una vida normal.<\/p>\n\n\n\n<p class=\"has-medium-font-size\">\u201cSu calidad de vida es&nbsp;ahora&nbsp;pr\u00e1cticamente igual a la de una persona que no tiene problemas cardiacos\u201d, explic\u00f3 el cirujano&nbsp;vascular&nbsp;Gerardo Mart\u00ednez Carballo, quien junto con&nbsp;su&nbsp;equipo llev\u00f3 a cabo este proceso.<\/p>\n","protected":false},"excerpt":{"rendered":"<p>&gt;Atiende&nbsp;a poblaci\u00f3n&nbsp;de Veracruz,&nbsp;Puebla, Oaxaca, Tabasco y Tamaulipas. Xalapa, Ver.,&nbsp;mi\u00e9rcoles&nbsp;12&nbsp;de noviembre de 2025.-&nbsp;Desde hace 30 a\u00f1os, el&nbsp;Centro de Alta Especialidad (CAE)<\/p>\n","protected":false},"author":68,"featured_media":5903,"comment_status":"closed","ping_status":"closed","sticky":false,"template":"","format":"standard","meta":{"colormag_page_container_layout":"default_layout","colormag_page_sidebar_layout":"default_layout","footnotes":""},"categories":[111,115],"tags":[750,734,739,852,858,855,857,854,751,856,851,853,226],"class_list":["post-5902","post","type-post","status-publish","format-standard","has-post-thumbnail","hentry","category-boletines","category-general","tag-apoyo-del-director-general","tag-cae","tag-centro-de-alta-especialidad-cae","tag-centro-de-alta-especialidad-cae-dr-rafael-lucio","tag-cirujano-vascular-gerardo-martinez-carballo","tag-hemodinamia","tag-insuficiencia-valvular-mitral","tag-jefe-del-servicio-de-cardiologia","tag-juan-pablo-uribe-gonzalez","tag-maria-de-lourdes-medina-lopez","tag-pacientes-cardiovasculares","tag-roberto-dominguez-lopez","tag-secretaria-de-salud"],"_links":{"self":[{"href":"https:\/\/www.ssaver.gob.mx\/difusion\/wp-json\/wp\/v2\/posts\/5902","targetHints":{"allow":["GET"]}}],"collection":[{"href":"https:\/\/www.ssaver.gob.mx\/difusion\/wp-json\/wp\/v2\/posts"}],"about":[{"href":"https:\/\/www.ssaver.gob.mx\/difusion\/wp-json\/wp\/v2\/types\/post"}],"author":[{"embeddable":true,"href":"https:\/\/www.ssaver.gob.mx\/difusion\/wp-json\/wp\/v2\/users\/68"}],"replies":[{"embeddable":true,"href":"https:\/\/www.ssaver.gob.mx\/difusion\/wp-json\/wp\/v2\/comments?post=5902"}],"version-history":[{"count":1,"href":"https:\/\/www.ssaver.gob.mx\/difusion\/wp-json\/wp\/v2\/posts\/5902\/revisions"}],"predecessor-version":[{"id":5906,"href":"https:\/\/www.ssaver.gob.mx\/difusion\/wp-json\/wp\/v2\/posts\/5902\/revisions\/5906"}],"wp:featuredmedia":[{"embeddable":true,"href":"https:\/\/www.ssaver.gob.mx\/difusion\/wp-json\/wp\/v2\/media\/5903"}],"wp:attachment":[{"href":"https:\/\/www.ssaver.gob.mx\/difusion\/wp-json\/wp\/v2\/media?parent=5902"}],"wp:term":[{"taxonomy":"category","embeddable":true,"href":"https:\/\/www.ssaver.gob.mx\/difusion\/wp-json\/wp\/v2\/categories?post=5902"},{"taxonomy":"post_tag","embeddable":true,"href":"https:\/\/www.ssaver.gob.mx\/difusion\/wp-json\/wp\/v2\/tags?post=5902"}],"curies":[{"name":"wp","href":"https:\/\/api.w.org\/{rel}","templated":true}]}}