{"id":5909,"date":"2025-11-14T14:20:27","date_gmt":"2025-11-14T20:20:27","guid":{"rendered":"https:\/\/www.ssaver.gob.mx\/difusion\/?p=5909"},"modified":"2025-11-14T14:20:27","modified_gmt":"2025-11-14T20:20:27","slug":"ss-construye-espacios-academicos-seguros-y-con-respeto-a-la-formacion-medica","status":"publish","type":"post","link":"https:\/\/www.ssaver.gob.mx\/difusion\/2025\/11\/14\/ss-construye-espacios-academicos-seguros-y-con-respeto-a-la-formacion-medica\/","title":{"rendered":"SS construye\u00a0espacios acad\u00e9micos seguros y con respeto a la formaci\u00f3n m\u00e9dica"},"content":{"rendered":"\n<p>&gt;Realiza foro con la participaci\u00f3n de estudiantes y docentes del \u00e1rea de la salud.<\/p>\n\n\n\n<p class=\"has-medium-font-size\"><strong>Xalapa, Ver.,&nbsp;<\/strong><strong>viernes 14<\/strong><a><\/a><strong>&nbsp;de noviembre de 2025.-<\/strong>&nbsp;Con el prop\u00f3sito de fortalecer la ense\u00f1anza m\u00e9dica bajo un enfoque de respeto, humanismo y corresponsabilidad, la Secretar\u00eda de Salud (SS) llev\u00f3 a cabo el Primer Foro Estatal de Recurso Humano en Formaci\u00f3n en Salud 2025.<\/p>\n\n\n\n<figure class=\"wp-block-image aligncenter size-large\"><img loading=\"lazy\" decoding=\"async\" width=\"1024\" height=\"682\" src=\"https:\/\/www.ssaver.gob.mx\/difusion\/wp-content\/uploads\/sites\/23\/2025\/11\/1-1024x682.jpeg\" alt=\"\" class=\"wp-image-5911\" srcset=\"https:\/\/www.ssaver.gob.mx\/difusion\/wp-content\/uploads\/sites\/23\/2025\/11\/1-1024x682.jpeg 1024w, https:\/\/www.ssaver.gob.mx\/difusion\/wp-content\/uploads\/sites\/23\/2025\/11\/1-300x200.jpeg 300w, https:\/\/www.ssaver.gob.mx\/difusion\/wp-content\/uploads\/sites\/23\/2025\/11\/1-768x512.jpeg 768w, https:\/\/www.ssaver.gob.mx\/difusion\/wp-content\/uploads\/sites\/23\/2025\/11\/1-1536x1023.jpeg 1536w, https:\/\/www.ssaver.gob.mx\/difusion\/wp-content\/uploads\/sites\/23\/2025\/11\/1.jpeg 1600w\" sizes=\"auto, (max-width: 1024px) 100vw, 1024px\" \/><\/figure>\n\n\n\n<p class=\"has-medium-font-size\">Durante el encuentro, en el que participaron autoridades del sector salud, representantes acad\u00e9micos y m\u00e9dicos en formaci\u00f3n de diversas instituciones del estado, se promovi\u00f3 la creaci\u00f3n de entornos de aprendizaje seguros y libres de violencia, donde la ense\u00f1anza se desarrolle con empat\u00eda y responsabilidad compartida.<\/p>\n\n\n\n<figure class=\"wp-block-image aligncenter size-large\"><img loading=\"lazy\" decoding=\"async\" width=\"1600\" height=\"1066\" src=\"https:\/\/www.ssaver.gob.mx\/difusion\/wp-content\/uploads\/sites\/23\/2025\/11\/2-1024x682.jpeg\" alt=\"\" class=\"wp-image-5912\" srcset=\"https:\/\/www.ssaver.gob.mx\/difusion\/wp-content\/uploads\/sites\/23\/2025\/11\/2-1024x682.jpeg 1024w, https:\/\/www.ssaver.gob.mx\/difusion\/wp-content\/uploads\/sites\/23\/2025\/11\/2-300x200.jpeg 300w, https:\/\/www.ssaver.gob.mx\/difusion\/wp-content\/uploads\/sites\/23\/2025\/11\/2-768x512.jpeg 768w, https:\/\/www.ssaver.gob.mx\/difusion\/wp-content\/uploads\/sites\/23\/2025\/11\/2-1536x1023.jpeg 1536w, https:\/\/www.ssaver.gob.mx\/difusion\/wp-content\/uploads\/sites\/23\/2025\/11\/2.jpeg 1600w\" sizes=\"auto, (max-width: 1600px) 100vw, 1600px\" \/><\/figure>\n\n\n\n<p class=\"has-medium-font-size\">El titular de la&nbsp;SS, Valent\u00edn Herrera Alarc\u00f3n, subray\u00f3 que la medicina se sustenta en tres pilares fundamentales: investigar, ense\u00f1ar y aplicar. \u201cEsa sigue siendo nuestra misi\u00f3n como formadores de las nuevas generaciones. Podemos apoyarnos en la tecnolog\u00eda, pero nunca debemos perder la educaci\u00f3n ni el respeto hacia el paciente\u201d, expres\u00f3.<\/p>\n\n\n\n<figure class=\"wp-block-image aligncenter size-large\"><img loading=\"lazy\" decoding=\"async\" width=\"1024\" height=\"682\" src=\"https:\/\/www.ssaver.gob.mx\/difusion\/wp-content\/uploads\/sites\/23\/2025\/11\/3-1024x682.jpeg\" alt=\"\" class=\"wp-image-5913\" srcset=\"https:\/\/www.ssaver.gob.mx\/difusion\/wp-content\/uploads\/sites\/23\/2025\/11\/3-1024x682.jpeg 1024w, https:\/\/www.ssaver.gob.mx\/difusion\/wp-content\/uploads\/sites\/23\/2025\/11\/3-300x200.jpeg 300w, https:\/\/www.ssaver.gob.mx\/difusion\/wp-content\/uploads\/sites\/23\/2025\/11\/3-768x512.jpeg 768w, https:\/\/www.ssaver.gob.mx\/difusion\/wp-content\/uploads\/sites\/23\/2025\/11\/3-1536x1023.jpeg 1536w, https:\/\/www.ssaver.gob.mx\/difusion\/wp-content\/uploads\/sites\/23\/2025\/11\/3.jpeg 1600w\" sizes=\"auto, (max-width: 1024px) 100vw, 1024px\" \/><\/figure>\n\n\n\n<p class=\"has-medium-font-size\">Por su parte, M\u00f3nica Sandoval Garc\u00eda, directora general del \u00c1rea Acad\u00e9mica de Ciencias de la Salud de la Universidad Veracruzana, destac\u00f3 que la educaci\u00f3n m\u00e9dica constituye un eje esencial para garantizar la calidad en la atenci\u00f3n sanitaria.<\/p>\n\n\n\n<figure class=\"wp-block-image aligncenter size-large\"><img loading=\"lazy\" decoding=\"async\" width=\"1024\" height=\"682\" src=\"https:\/\/www.ssaver.gob.mx\/difusion\/wp-content\/uploads\/sites\/23\/2025\/11\/4-1024x682.jpeg\" alt=\"\" class=\"wp-image-5914\" srcset=\"https:\/\/www.ssaver.gob.mx\/difusion\/wp-content\/uploads\/sites\/23\/2025\/11\/4-1024x682.jpeg 1024w, https:\/\/www.ssaver.gob.mx\/difusion\/wp-content\/uploads\/sites\/23\/2025\/11\/4-300x200.jpeg 300w, https:\/\/www.ssaver.gob.mx\/difusion\/wp-content\/uploads\/sites\/23\/2025\/11\/4-768x512.jpeg 768w, https:\/\/www.ssaver.gob.mx\/difusion\/wp-content\/uploads\/sites\/23\/2025\/11\/4-1536x1023.jpeg 1536w, https:\/\/www.ssaver.gob.mx\/difusion\/wp-content\/uploads\/sites\/23\/2025\/11\/4.jpeg 1600w\" sizes=\"auto, (max-width: 1024px) 100vw, 1024px\" \/><\/figure>\n\n\n\n<p class=\"has-medium-font-size\">En representaci\u00f3n del personal m\u00e9dico en formaci\u00f3n, Yazm\u00edn Ortiz Castillo, residente de la especialidad en Imagenolog\u00eda Diagn\u00f3stica y Terap\u00e9utica, invit\u00f3 a sus compa\u00f1eros a ser parte activa en la construcci\u00f3n de espacios m\u00e1s humanos y respetuosos dentro del \u00e1mbito acad\u00e9mico y profesional.<\/p>\n","protected":false},"excerpt":{"rendered":"<p>&gt;Realiza foro con la participaci\u00f3n de estudiantes y docentes del \u00e1rea de la salud. Xalapa, Ver.,&nbsp;viernes 14&nbsp;de noviembre de 2025.-&nbsp;Con<\/p>\n","protected":false},"author":68,"featured_media":5910,"comment_status":"closed","ping_status":"closed","sticky":false,"template":"","format":"standard","meta":{"colormag_page_container_layout":"default_layout","colormag_page_sidebar_layout":"default_layout","footnotes":""},"categories":[111,115],"tags":[750,861,751,860,859,570,191,862],"class_list":["post-5909","post","type-post","status-publish","format-standard","has-post-thumbnail","hentry","category-boletines","category-general","tag-apoyo-del-director-general","tag-directora-general-del-area-academica-de-ciencias-de-la-salud-de-la-universidad-veracruzana","tag-juan-pablo-uribe-gonzalez","tag-monica-sandoval-garcia","tag-primer-foro-estatal-de-recurso-humano-en-formacion-en-salud-2025","tag-ss","tag-valentin-herrera-alarcon","tag-yazmin-ortiz-catillo"],"_links":{"self":[{"href":"https:\/\/www.ssaver.gob.mx\/difusion\/wp-json\/wp\/v2\/posts\/5909","targetHints":{"allow":["GET"]}}],"collection":[{"href":"https:\/\/www.ssaver.gob.mx\/difusion\/wp-json\/wp\/v2\/posts"}],"about":[{"href":"https:\/\/www.ssaver.gob.mx\/difusion\/wp-json\/wp\/v2\/types\/post"}],"author":[{"embeddable":true,"href":"https:\/\/www.ssaver.gob.mx\/difusion\/wp-json\/wp\/v2\/users\/68"}],"replies":[{"embeddable":true,"href":"https:\/\/www.ssaver.gob.mx\/difusion\/wp-json\/wp\/v2\/comments?post=5909"}],"version-history":[{"count":1,"href":"https:\/\/www.ssaver.gob.mx\/difusion\/wp-json\/wp\/v2\/posts\/5909\/revisions"}],"predecessor-version":[{"id":5915,"href":"https:\/\/www.ssaver.gob.mx\/difusion\/wp-json\/wp\/v2\/posts\/5909\/revisions\/5915"}],"wp:featuredmedia":[{"embeddable":true,"href":"https:\/\/www.ssaver.gob.mx\/difusion\/wp-json\/wp\/v2\/media\/5910"}],"wp:attachment":[{"href":"https:\/\/www.ssaver.gob.mx\/difusion\/wp-json\/wp\/v2\/media?parent=5909"}],"wp:term":[{"taxonomy":"category","embeddable":true,"href":"https:\/\/www.ssaver.gob.mx\/difusion\/wp-json\/wp\/v2\/categories?post=5909"},{"taxonomy":"post_tag","embeddable":true,"href":"https:\/\/www.ssaver.gob.mx\/difusion\/wp-json\/wp\/v2\/tags?post=5909"}],"curies":[{"name":"wp","href":"https:\/\/api.w.org\/{rel}","templated":true}]}}