{"id":5919,"date":"2025-12-02T17:38:41","date_gmt":"2025-12-02T23:38:41","guid":{"rendered":"https:\/\/www.ssaver.gob.mx\/difusion\/?p=5919"},"modified":"2025-12-02T17:40:15","modified_gmt":"2025-12-02T23:40:15","slug":"primer-informe-rocio-nahle-cumple-con-abasto-de-medicamentos-y-amplia-la-atencion-medica","status":"publish","type":"post","link":"https:\/\/www.ssaver.gob.mx\/difusion\/2025\/12\/02\/primer-informe-rocio-nahle-cumple-con-abasto-de-medicamentos-y-amplia-la-atencion-medica\/","title":{"rendered":"Primer Informe:\u00a0Roc\u00edo Nahle cumple con abasto de medicamentos y ampl\u00eda la atenci\u00f3n m\u00e9dica"},"content":{"rendered":"\n<p>&gt;Acelerador lineal en proceso de instalaci\u00f3n para el CECAN.<\/p>\n\n\n\n<p class=\"has-medium-font-size\"><strong>Xalapa, Ver.,&nbsp;<\/strong><strong>martes<\/strong><strong>&nbsp;<\/strong><strong>0<\/strong><strong>2<\/strong><strong>&nbsp;de diciembre de 2025.-&nbsp;<\/strong>La gobernadora Roc\u00edo Nahle Garc\u00eda&nbsp;cumpli\u00f3 su promesa de campa\u00f1a&nbsp;al garantizar el abasto de 17 millones 028 mil medicamentos, fortaleciendo as\u00ed un sistema de atenci\u00f3n m\u00e1s funcional y cercano en los 212 municipios. <\/p>\n\n\n\n<p class=\"has-medium-font-size\">Durante su mensaje al pueblo de Veracruz en Plaza Lerdo, destac\u00f3 que la salud \u201ces lo prioritario en todo ser humano\u201d y record\u00f3 que el acceso a&nbsp;las&nbsp;medicinas&nbsp;fue la principal demanda ciudadana, por ello, consolid\u00f3 su estrategia con 30 unidades, garantizando el&nbsp;suministro&nbsp;de 61 hospitales y 813 centros de salud.<\/p>\n\n\n\n<figure class=\"wp-block-image aligncenter size-large\"><img loading=\"lazy\" decoding=\"async\" width=\"1024\" height=\"682\" src=\"https:\/\/www.ssaver.gob.mx\/difusion\/wp-content\/uploads\/sites\/23\/2025\/12\/WhatsApp-Image-2025-12-02-at-16.27.59-1024x682.jpeg\" alt=\"\" class=\"wp-image-5920\" srcset=\"https:\/\/www.ssaver.gob.mx\/difusion\/wp-content\/uploads\/sites\/23\/2025\/12\/WhatsApp-Image-2025-12-02-at-16.27.59-1024x682.jpeg 1024w, https:\/\/www.ssaver.gob.mx\/difusion\/wp-content\/uploads\/sites\/23\/2025\/12\/WhatsApp-Image-2025-12-02-at-16.27.59-300x200.jpeg 300w, https:\/\/www.ssaver.gob.mx\/difusion\/wp-content\/uploads\/sites\/23\/2025\/12\/WhatsApp-Image-2025-12-02-at-16.27.59-768x512.jpeg 768w, https:\/\/www.ssaver.gob.mx\/difusion\/wp-content\/uploads\/sites\/23\/2025\/12\/WhatsApp-Image-2025-12-02-at-16.27.59.jpeg 1280w\" sizes=\"auto, (max-width: 1024px) 100vw, 1024px\" \/><\/figure>\n\n\n\n<p class=\"has-medium-font-size\">Adelant\u00f3 que el nuevo acelerador lineal, donado&nbsp;por el&nbsp;Organismo Internacional de Energ\u00eda At\u00f3mica<a><\/a>, ya se encuentra en la Aduana del puerto de Veracruz y se trabaja con COFEPRIS para su traslado e instalaci\u00f3n conforme a la norma.&nbsp;<\/p>\n\n\n\n<p class=\"has-medium-font-size\">Se\u00f1al\u00f3 que este a\u00f1o se prioriz\u00f3 que el Centro Estatal de Cancerolog\u00eda incremente su productividad y brinde atenci\u00f3n y medicamentos \u201cde manera inmediata, porque es un tema de urgencia\u201d.<\/p>\n\n\n\n<figure class=\"wp-block-image aligncenter size-large\"><img loading=\"lazy\" decoding=\"async\" width=\"1024\" height=\"682\" src=\"https:\/\/www.ssaver.gob.mx\/difusion\/wp-content\/uploads\/sites\/23\/2025\/12\/WhatsApp-Image-2025-12-02-at-16.28.01-1024x682.jpeg\" alt=\"\" class=\"wp-image-5921\" srcset=\"https:\/\/www.ssaver.gob.mx\/difusion\/wp-content\/uploads\/sites\/23\/2025\/12\/WhatsApp-Image-2025-12-02-at-16.28.01-1024x682.jpeg 1024w, https:\/\/www.ssaver.gob.mx\/difusion\/wp-content\/uploads\/sites\/23\/2025\/12\/WhatsApp-Image-2025-12-02-at-16.28.01-300x200.jpeg 300w, https:\/\/www.ssaver.gob.mx\/difusion\/wp-content\/uploads\/sites\/23\/2025\/12\/WhatsApp-Image-2025-12-02-at-16.28.01-768x512.jpeg 768w, https:\/\/www.ssaver.gob.mx\/difusion\/wp-content\/uploads\/sites\/23\/2025\/12\/WhatsApp-Image-2025-12-02-at-16.28.01.jpeg 1280w\" sizes=\"auto, (max-width: 1024px) 100vw, 1024px\" \/><\/figure>\n\n\n\n<p class=\"has-medium-font-size\">Record\u00f3 tambi\u00e9n la inauguraci\u00f3n del Hospital Materno Infantil de Coatzacoalcos, realizada junto a la presidenta Claudia Sheinbaum, con una inversi\u00f3n superior a 800 millones de pesos, este nuevo centro de alta tecnolog\u00eda dar\u00e1 atenci\u00f3n a poblaci\u00f3n de Veracruz, Oaxaca, Chiapas y Tabasco.<\/p>\n\n\n\n<p class=\"has-medium-font-size\">Asimismo, se avanz\u00f3 en la rehabilitaci\u00f3n de unidades m\u00e9dicas con mejoras en instalaciones el\u00e9ctricas, impermeabilizaci\u00f3n, pintura y la nueva sala de espera de la Torre Pedi\u00e1trica en Veracruz, \u201ctenemos que seguir rehabilitando todos nuestros hospitales y cl\u00ednicas; les hace mucha falta\u201d.<\/p>\n\n\n\n<figure class=\"wp-block-image aligncenter size-large\"><img loading=\"lazy\" decoding=\"async\" width=\"1024\" height=\"682\" src=\"https:\/\/www.ssaver.gob.mx\/difusion\/wp-content\/uploads\/sites\/23\/2025\/12\/WhatsApp-Image-2025-12-02-at-16.28.09-1024x682.jpeg\" alt=\"\" class=\"wp-image-5922\" srcset=\"https:\/\/www.ssaver.gob.mx\/difusion\/wp-content\/uploads\/sites\/23\/2025\/12\/WhatsApp-Image-2025-12-02-at-16.28.09-1024x682.jpeg 1024w, https:\/\/www.ssaver.gob.mx\/difusion\/wp-content\/uploads\/sites\/23\/2025\/12\/WhatsApp-Image-2025-12-02-at-16.28.09-300x200.jpeg 300w, https:\/\/www.ssaver.gob.mx\/difusion\/wp-content\/uploads\/sites\/23\/2025\/12\/WhatsApp-Image-2025-12-02-at-16.28.09-768x512.jpeg 768w, https:\/\/www.ssaver.gob.mx\/difusion\/wp-content\/uploads\/sites\/23\/2025\/12\/WhatsApp-Image-2025-12-02-at-16.28.09.jpeg 1280w\" sizes=\"auto, (max-width: 1024px) 100vw, 1024px\" \/><\/figure>\n\n\n\n<p class=\"has-medium-font-size\">Entre la Secretar\u00eda de Salud y el IMSS-Bienestar se incrementaron consultas, cirug\u00edas y atenci\u00f3n personalizada, al corte de octubre, se registraron m\u00e1s de 3.19 millones de consultas generales y 392 mil consultas de especialidad.<\/p>\n\n\n\n<p class=\"has-medium-font-size\">Finalmente celebr\u00f3 que la atenci\u00f3n a la salud mental aumentara un 56% en consultas, con acciones de prevenci\u00f3n de conductas suicidas; en materia de donaci\u00f3n y procuraci\u00f3n de \u00f3rganos, el estado logr\u00f3 salvar 138 vidas mediante procedimientos realizados en coordinaci\u00f3n con el Centro Nacional de Trasplantes.<\/p>\n","protected":false},"excerpt":{"rendered":"<p>&gt;Acelerador lineal en proceso de instalaci\u00f3n para el CECAN. Xalapa, Ver.,&nbsp;martes&nbsp;02&nbsp;de diciembre de 2025.-&nbsp;La gobernadora Roc\u00edo Nahle Garc\u00eda&nbsp;cumpli\u00f3 su promesa<\/p>\n","protected":false},"author":68,"featured_media":5923,"comment_status":"closed","ping_status":"closed","sticky":false,"template":"","format":"standard","meta":{"colormag_page_container_layout":"default_layout","colormag_page_sidebar_layout":"default_layout","footnotes":""},"categories":[111,115],"tags":[750,631,863,675,620,486,751,603,184,570,142],"class_list":["post-5919","post","type-post","status-publish","format-standard","has-post-thumbnail","hentry","category-boletines","category-general","tag-apoyo-del-director-general","tag-camionetitas-de-la-salud","tag-centro-nacional-de-trasplantes","tag-gobernadora-de-veracruz-rocio-nahle","tag-hospital-materno-infantil-de-coatzacoalcos","tag-imss-bienestar","tag-juan-pablo-uribe-gonzalez","tag-presidenta-claudia-sheinbaum","tag-sesver","tag-ss","tag-veracruz"],"_links":{"self":[{"href":"https:\/\/www.ssaver.gob.mx\/difusion\/wp-json\/wp\/v2\/posts\/5919","targetHints":{"allow":["GET"]}}],"collection":[{"href":"https:\/\/www.ssaver.gob.mx\/difusion\/wp-json\/wp\/v2\/posts"}],"about":[{"href":"https:\/\/www.ssaver.gob.mx\/difusion\/wp-json\/wp\/v2\/types\/post"}],"author":[{"embeddable":true,"href":"https:\/\/www.ssaver.gob.mx\/difusion\/wp-json\/wp\/v2\/users\/68"}],"replies":[{"embeddable":true,"href":"https:\/\/www.ssaver.gob.mx\/difusion\/wp-json\/wp\/v2\/comments?post=5919"}],"version-history":[{"count":2,"href":"https:\/\/www.ssaver.gob.mx\/difusion\/wp-json\/wp\/v2\/posts\/5919\/revisions"}],"predecessor-version":[{"id":5925,"href":"https:\/\/www.ssaver.gob.mx\/difusion\/wp-json\/wp\/v2\/posts\/5919\/revisions\/5925"}],"wp:featuredmedia":[{"embeddable":true,"href":"https:\/\/www.ssaver.gob.mx\/difusion\/wp-json\/wp\/v2\/media\/5923"}],"wp:attachment":[{"href":"https:\/\/www.ssaver.gob.mx\/difusion\/wp-json\/wp\/v2\/media?parent=5919"}],"wp:term":[{"taxonomy":"category","embeddable":true,"href":"https:\/\/www.ssaver.gob.mx\/difusion\/wp-json\/wp\/v2\/categories?post=5919"},{"taxonomy":"post_tag","embeddable":true,"href":"https:\/\/www.ssaver.gob.mx\/difusion\/wp-json\/wp\/v2\/tags?post=5919"}],"curies":[{"name":"wp","href":"https:\/\/api.w.org\/{rel}","templated":true}]}}