{"id":5931,"date":"2025-12-03T10:16:55","date_gmt":"2025-12-03T16:16:55","guid":{"rendered":"https:\/\/www.ssaver.gob.mx\/difusion\/?p=5931"},"modified":"2025-12-03T10:16:55","modified_gmt":"2025-12-03T16:16:55","slug":"ss-promueve-pruebas-rapidas-y-atencion-especializada-en-el-dia-mundial-del-sida","status":"publish","type":"post","link":"https:\/\/www.ssaver.gob.mx\/difusion\/2025\/12\/03\/ss-promueve-pruebas-rapidas-y-atencion-especializada-en-el-dia-mundial-del-sida\/","title":{"rendered":"SS\u00a0promueve pruebas r\u00e1pidas y atenci\u00f3n especializada en el D\u00eda Mundial del Sida"},"content":{"rendered":"\n<p class=\"has-medium-font-size\"><strong>Xalapa, Ver.,&nbsp;<\/strong><strong>martes 02<\/strong><a><\/a><strong>&nbsp;de diciembre 2025.-<\/strong><strong>&nbsp;<\/strong>Dentro de las acciones preventivas y de atenci\u00f3n a las enfermedades de transmisi\u00f3n sexual, la Secretar\u00eda de Salud realiz\u00f3 una jornada de atenci\u00f3n para conmemorar el D\u00eda Mundial del Sida.<\/p>\n\n\n\n<figure class=\"wp-block-image aligncenter size-large\"><img loading=\"lazy\" decoding=\"async\" width=\"1024\" height=\"682\" src=\"https:\/\/www.ssaver.gob.mx\/difusion\/wp-content\/uploads\/sites\/23\/2025\/12\/JP1-1024x682.jpeg\" alt=\"\" class=\"wp-image-5932\" srcset=\"https:\/\/www.ssaver.gob.mx\/difusion\/wp-content\/uploads\/sites\/23\/2025\/12\/JP1-1024x682.jpeg 1024w, https:\/\/www.ssaver.gob.mx\/difusion\/wp-content\/uploads\/sites\/23\/2025\/12\/JP1-300x200.jpeg 300w, https:\/\/www.ssaver.gob.mx\/difusion\/wp-content\/uploads\/sites\/23\/2025\/12\/JP1-768x512.jpeg 768w, https:\/\/www.ssaver.gob.mx\/difusion\/wp-content\/uploads\/sites\/23\/2025\/12\/JP1-1536x1023.jpeg 1536w, https:\/\/www.ssaver.gob.mx\/difusion\/wp-content\/uploads\/sites\/23\/2025\/12\/JP1.jpeg 1600w\" sizes=\"auto, (max-width: 1024px) 100vw, 1024px\" \/><\/figure>\n\n\n\n<p class=\"has-medium-font-size\">La dependencia estatal record\u00f3 a la poblaci\u00f3n que puede acudir a su centro de salud a solicitar, de forma gratuita, las pruebas r\u00e1pidas de detecci\u00f3n de VIH, s\u00edfilis y hepatitis C durante todo el a\u00f1o.<\/p>\n\n\n\n<p class=\"has-medium-font-size\">Asimismo, a trav\u00e9s de los Centros Ambulatorios para la Prevenci\u00f3n y Atenci\u00f3n del Sida e Infecciones de Transmisi\u00f3n Sexual (CAPASITS) de Poza Rica, R\u00edo Blanco, Xalapa, Veracruz y Coatzacoalcos, se brinda atenci\u00f3n especializada, como servicios m\u00e9dicos, psicol\u00f3gicos, nutricionales y tratamiento antirretroviral, para garantizar atenci\u00f3n integral a los pacientes.<\/p>\n\n\n\n<div class=\"wp-block-columns is-layout-flex wp-container-core-columns-is-layout-28f84493 wp-block-columns-is-layout-flex\">\n<div class=\"wp-block-column is-layout-flow wp-block-column-is-layout-flow\">\n<figure class=\"wp-block-image aligncenter size-large\"><img loading=\"lazy\" decoding=\"async\" width=\"1024\" height=\"682\" src=\"https:\/\/www.ssaver.gob.mx\/difusion\/wp-content\/uploads\/sites\/23\/2025\/12\/JP2-1-1024x682.jpeg\" alt=\"\" class=\"wp-image-5935\" srcset=\"https:\/\/www.ssaver.gob.mx\/difusion\/wp-content\/uploads\/sites\/23\/2025\/12\/JP2-1-1024x682.jpeg 1024w, https:\/\/www.ssaver.gob.mx\/difusion\/wp-content\/uploads\/sites\/23\/2025\/12\/JP2-1-300x200.jpeg 300w, https:\/\/www.ssaver.gob.mx\/difusion\/wp-content\/uploads\/sites\/23\/2025\/12\/JP2-1-768x512.jpeg 768w, https:\/\/www.ssaver.gob.mx\/difusion\/wp-content\/uploads\/sites\/23\/2025\/12\/JP2-1-1536x1023.jpeg 1536w, https:\/\/www.ssaver.gob.mx\/difusion\/wp-content\/uploads\/sites\/23\/2025\/12\/JP2-1.jpeg 1600w\" sizes=\"auto, (max-width: 1024px) 100vw, 1024px\" \/><\/figure>\n<\/div>\n<\/div>\n\n\n\n<p class=\"has-medium-font-size\">La m\u00e9dica Yolanda Pe\u00f1a Alc\u00e1ntara explic\u00f3 que el VIH\/sida es una enfermedad silenciosa; por ello, la importancia de su detecci\u00f3n a tiempo y el inicio del tratamiento oportuno, por lo que hizo un llamado a la poblaci\u00f3n veracruzana a realizarse las pruebas al menos una vez al a\u00f1o.<\/p>\n\n\n\n<p class=\"has-medium-font-size\">Finalmente, detall\u00f3 que, una vez obtenida una prueba r\u00e1pida reactiva, el paciente es referido al CAPASITS para la confirmaci\u00f3n por carga viral. \u201cEntre la detecci\u00f3n y el inicio del tratamiento pueden transcurrir de dos a tres semanas\u201d, y a\u00f1adi\u00f3 que el tratamiento es gratuito y se adapta a las caracter\u00edsticas de cada persona.<\/p>\n\n\n\n<figure class=\"wp-block-image aligncenter size-large\"><img loading=\"lazy\" decoding=\"async\" width=\"768\" height=\"1024\" src=\"https:\/\/www.ssaver.gob.mx\/difusion\/wp-content\/uploads\/sites\/23\/2025\/12\/JP3-1-768x1024.jpeg\" alt=\"\" class=\"wp-image-5936\" srcset=\"https:\/\/www.ssaver.gob.mx\/difusion\/wp-content\/uploads\/sites\/23\/2025\/12\/JP3-1-768x1024.jpeg 768w, https:\/\/www.ssaver.gob.mx\/difusion\/wp-content\/uploads\/sites\/23\/2025\/12\/JP3-1-225x300.jpeg 225w, https:\/\/www.ssaver.gob.mx\/difusion\/wp-content\/uploads\/sites\/23\/2025\/12\/JP3-1.jpeg 960w\" sizes=\"auto, (max-width: 768px) 100vw, 768px\" \/><\/figure>\n","protected":false},"excerpt":{"rendered":"<p>Xalapa, Ver.,&nbsp;martes 02&nbsp;de diciembre 2025.-&nbsp;Dentro de las acciones preventivas y de atenci\u00f3n a las enfermedades de transmisi\u00f3n sexual, la Secretar\u00eda<\/p>\n","protected":false},"author":68,"featured_media":5937,"comment_status":"closed","ping_status":"closed","sticky":false,"template":"","format":"standard","meta":{"colormag_page_container_layout":"default_layout","colormag_page_sidebar_layout":"default_layout","footnotes":""},"categories":[119,115],"tags":[750,868,295,865,751,554,474,867,570,191,142,866,137],"class_list":["post-5931","post","type-post","status-publish","format-standard","has-post-thumbnail","hentry","category-comunicados","category-general","tag-apoyo-del-director-general","tag-capasits","tag-coatzacoalcos","tag-dia-mundial-del-sida","tag-juan-pablo-uribe-gonzalez","tag-poza-rica","tag-rio-blanco","tag-sifilis-y-hepatitis-c","tag-ss","tag-valentin-herrera-alarcon","tag-veracruz","tag-vih","tag-xalapa"],"_links":{"self":[{"href":"https:\/\/www.ssaver.gob.mx\/difusion\/wp-json\/wp\/v2\/posts\/5931","targetHints":{"allow":["GET"]}}],"collection":[{"href":"https:\/\/www.ssaver.gob.mx\/difusion\/wp-json\/wp\/v2\/posts"}],"about":[{"href":"https:\/\/www.ssaver.gob.mx\/difusion\/wp-json\/wp\/v2\/types\/post"}],"author":[{"embeddable":true,"href":"https:\/\/www.ssaver.gob.mx\/difusion\/wp-json\/wp\/v2\/users\/68"}],"replies":[{"embeddable":true,"href":"https:\/\/www.ssaver.gob.mx\/difusion\/wp-json\/wp\/v2\/comments?post=5931"}],"version-history":[{"count":1,"href":"https:\/\/www.ssaver.gob.mx\/difusion\/wp-json\/wp\/v2\/posts\/5931\/revisions"}],"predecessor-version":[{"id":5938,"href":"https:\/\/www.ssaver.gob.mx\/difusion\/wp-json\/wp\/v2\/posts\/5931\/revisions\/5938"}],"wp:featuredmedia":[{"embeddable":true,"href":"https:\/\/www.ssaver.gob.mx\/difusion\/wp-json\/wp\/v2\/media\/5937"}],"wp:attachment":[{"href":"https:\/\/www.ssaver.gob.mx\/difusion\/wp-json\/wp\/v2\/media?parent=5931"}],"wp:term":[{"taxonomy":"category","embeddable":true,"href":"https:\/\/www.ssaver.gob.mx\/difusion\/wp-json\/wp\/v2\/categories?post=5931"},{"taxonomy":"post_tag","embeddable":true,"href":"https:\/\/www.ssaver.gob.mx\/difusion\/wp-json\/wp\/v2\/tags?post=5931"}],"curies":[{"name":"wp","href":"https:\/\/api.w.org\/{rel}","templated":true}]}}