{"id":5941,"date":"2025-12-11T15:19:56","date_gmt":"2025-12-11T21:19:56","guid":{"rendered":"https:\/\/www.ssaver.gob.mx\/difusion\/?p=5941"},"modified":"2025-12-11T15:19:56","modified_gmt":"2025-12-11T21:19:56","slug":"impulsa-ss-una-atencion-a-la-salud-con-enfoque-intercultural-para-personas-migrantes","status":"publish","type":"post","link":"https:\/\/www.ssaver.gob.mx\/difusion\/2025\/12\/11\/impulsa-ss-una-atencion-a-la-salud-con-enfoque-intercultural-para-personas-migrantes\/","title":{"rendered":"Impulsa SS una atenci\u00f3n a la salud con enfoque intercultural para personas migrantes"},"content":{"rendered":"\n<p class=\"has-medium-font-size\"><strong>Xalapa, Ver., jueves 11<\/strong><strong>\u00a0de diciembre de 2025.-<\/strong>\u00a0La Secretar\u00eda de Salud (SS) realiz\u00f3 el conversatorio Migraci\u00f3n: derechos humanos, interculturalidad y salud p\u00fablica,\u00a0para fortalecer la colaboraci\u00f3n institucional en beneficio de la ni\u00f1ez, la adolescencia y las personas adultas\u00a0en\u00a0condiciones de vulnerabilidad durante su trayecto migratorio.<\/p>\n\n\n\n<figure class=\"wp-block-image aligncenter size-large\"><img loading=\"lazy\" decoding=\"async\" width=\"1024\" height=\"682\" src=\"https:\/\/www.ssaver.gob.mx\/difusion\/wp-content\/uploads\/sites\/23\/2025\/12\/WhatsApp-Image-2025-12-11-at-14.39.27-2-1024x682.jpeg\" alt=\"\" class=\"wp-image-5943\" srcset=\"https:\/\/www.ssaver.gob.mx\/difusion\/wp-content\/uploads\/sites\/23\/2025\/12\/WhatsApp-Image-2025-12-11-at-14.39.27-2-1024x682.jpeg 1024w, https:\/\/www.ssaver.gob.mx\/difusion\/wp-content\/uploads\/sites\/23\/2025\/12\/WhatsApp-Image-2025-12-11-at-14.39.27-2-300x200.jpeg 300w, https:\/\/www.ssaver.gob.mx\/difusion\/wp-content\/uploads\/sites\/23\/2025\/12\/WhatsApp-Image-2025-12-11-at-14.39.27-2-768x512.jpeg 768w, https:\/\/www.ssaver.gob.mx\/difusion\/wp-content\/uploads\/sites\/23\/2025\/12\/WhatsApp-Image-2025-12-11-at-14.39.27-2-1536x1023.jpeg 1536w, https:\/\/www.ssaver.gob.mx\/difusion\/wp-content\/uploads\/sites\/23\/2025\/12\/WhatsApp-Image-2025-12-11-at-14.39.27-2.jpeg 1600w\" sizes=\"auto, (max-width: 1024px) 100vw, 1024px\" \/><\/figure>\n\n\n\n<p class=\"has-medium-font-size\">Especialistas, autoridades e instituciones vinculadas a la atenci\u00f3n de personas en contexto de movilidad humana&nbsp;participaron en un espacio de&nbsp;coordinaci\u00f3n y reflexi\u00f3n social,&nbsp;con el prop\u00f3sito de fortalecer los servicios&nbsp;de acompa\u00f1amiento y apoyo.<\/p>\n\n\n\n<figure class=\"wp-block-image size-large\"><img loading=\"lazy\" decoding=\"async\" width=\"1024\" height=\"682\" src=\"https:\/\/www.ssaver.gob.mx\/difusion\/wp-content\/uploads\/sites\/23\/2025\/12\/WhatsApp-Image-2025-12-11-at-14.39.27-1024x682.jpeg\" alt=\"\" class=\"wp-image-5945\" srcset=\"https:\/\/www.ssaver.gob.mx\/difusion\/wp-content\/uploads\/sites\/23\/2025\/12\/WhatsApp-Image-2025-12-11-at-14.39.27-1024x682.jpeg 1024w, https:\/\/www.ssaver.gob.mx\/difusion\/wp-content\/uploads\/sites\/23\/2025\/12\/WhatsApp-Image-2025-12-11-at-14.39.27-300x200.jpeg 300w, https:\/\/www.ssaver.gob.mx\/difusion\/wp-content\/uploads\/sites\/23\/2025\/12\/WhatsApp-Image-2025-12-11-at-14.39.27-768x512.jpeg 768w, https:\/\/www.ssaver.gob.mx\/difusion\/wp-content\/uploads\/sites\/23\/2025\/12\/WhatsApp-Image-2025-12-11-at-14.39.27-1536x1023.jpeg 1536w, https:\/\/www.ssaver.gob.mx\/difusion\/wp-content\/uploads\/sites\/23\/2025\/12\/WhatsApp-Image-2025-12-11-at-14.39.27.jpeg 1600w\" sizes=\"auto, (max-width: 1024px) 100vw, 1024px\" \/><\/figure>\n\n\n\n<p class=\"has-medium-font-size\">El titular de la Unidad de Acceso a la Informaci\u00f3n P\u00fablica, Jorge Ruiz Nieva, subray\u00f3 el compromiso de la SS&nbsp;de garantizar&nbsp;el acceso&nbsp;a la&nbsp;salud, independientemente del estatus migratorio de la persona.<\/p>\n\n\n\n<figure class=\"wp-block-image size-large\"><img loading=\"lazy\" decoding=\"async\" width=\"1024\" height=\"682\" src=\"https:\/\/www.ssaver.gob.mx\/difusion\/wp-content\/uploads\/sites\/23\/2025\/12\/WhatsApp-Image-2025-12-11-at-14.39.27-1-1024x682.jpeg\" alt=\"\" class=\"wp-image-5946\" srcset=\"https:\/\/www.ssaver.gob.mx\/difusion\/wp-content\/uploads\/sites\/23\/2025\/12\/WhatsApp-Image-2025-12-11-at-14.39.27-1-1024x682.jpeg 1024w, https:\/\/www.ssaver.gob.mx\/difusion\/wp-content\/uploads\/sites\/23\/2025\/12\/WhatsApp-Image-2025-12-11-at-14.39.27-1-300x200.jpeg 300w, https:\/\/www.ssaver.gob.mx\/difusion\/wp-content\/uploads\/sites\/23\/2025\/12\/WhatsApp-Image-2025-12-11-at-14.39.27-1-768x512.jpeg 768w, https:\/\/www.ssaver.gob.mx\/difusion\/wp-content\/uploads\/sites\/23\/2025\/12\/WhatsApp-Image-2025-12-11-at-14.39.27-1-1536x1023.jpeg 1536w, https:\/\/www.ssaver.gob.mx\/difusion\/wp-content\/uploads\/sites\/23\/2025\/12\/WhatsApp-Image-2025-12-11-at-14.39.27-1.jpeg 1600w\" sizes=\"auto, (max-width: 1024px) 100vw, 1024px\" \/><\/figure>\n\n\n\n<p class=\"has-medium-font-size\">El director de Salud P\u00fablica, Leonel Efr\u00e9n&nbsp;Rivera Pinete, destac\u00f3&nbsp;la necesidad de valorar la cultura y los esfuerzos por una vida digna y libre de prejuicios, con miras a un futuro m\u00e1s&nbsp;solidario e&nbsp;incluyendo una&nbsp;salud sin discriminaci\u00f3n y en condiciones de igualdad y seguridad.<\/p>\n\n\n\n<figure class=\"wp-block-image size-large\"><img loading=\"lazy\" decoding=\"async\" width=\"1024\" height=\"682\" src=\"https:\/\/www.ssaver.gob.mx\/difusion\/wp-content\/uploads\/sites\/23\/2025\/12\/WhatsApp-Image-2025-12-11-at-14.39.27-3-1-1024x682.jpeg\" alt=\"\" class=\"wp-image-5947\" srcset=\"https:\/\/www.ssaver.gob.mx\/difusion\/wp-content\/uploads\/sites\/23\/2025\/12\/WhatsApp-Image-2025-12-11-at-14.39.27-3-1-1024x682.jpeg 1024w, https:\/\/www.ssaver.gob.mx\/difusion\/wp-content\/uploads\/sites\/23\/2025\/12\/WhatsApp-Image-2025-12-11-at-14.39.27-3-1-300x200.jpeg 300w, https:\/\/www.ssaver.gob.mx\/difusion\/wp-content\/uploads\/sites\/23\/2025\/12\/WhatsApp-Image-2025-12-11-at-14.39.27-3-1-768x512.jpeg 768w, https:\/\/www.ssaver.gob.mx\/difusion\/wp-content\/uploads\/sites\/23\/2025\/12\/WhatsApp-Image-2025-12-11-at-14.39.27-3-1-1536x1023.jpeg 1536w, https:\/\/www.ssaver.gob.mx\/difusion\/wp-content\/uploads\/sites\/23\/2025\/12\/WhatsApp-Image-2025-12-11-at-14.39.27-3-1.jpeg 1600w\" sizes=\"auto, (max-width: 1024px) 100vw, 1024px\" \/><\/figure>\n\n\n\n<p class=\"has-medium-font-size\">Esta iniciativa se desarroll\u00f3 en el marco del D\u00eda Internacional del Migrante, el D\u00eda de los Derechos Humanos y el D\u00eda Internacional de la Solidaridad Humana, y como parte de las&nbsp;acciones para garantizar el derecho a la salud sin distinci\u00f3n, como lo ha instruido la gobernadora Roc\u00edo Nahle Garc\u00eda.<\/p>\n","protected":false},"excerpt":{"rendered":"<p>Xalapa, Ver., jueves 11\u00a0de diciembre de 2025.-\u00a0La Secretar\u00eda de Salud (SS) realiz\u00f3 el conversatorio Migraci\u00f3n: derechos humanos, interculturalidad y salud<\/p>\n","protected":false},"author":68,"featured_media":5942,"comment_status":"closed","ping_status":"closed","sticky":false,"template":"","format":"standard","meta":{"colormag_page_container_layout":"default_layout","colormag_page_sidebar_layout":"default_layout","footnotes":""},"categories":[119,115],"tags":[750,870,876,875,823,616,873,754,874,869,570,872],"class_list":["post-5941","post","type-post","status-publish","format-standard","has-post-thumbnail","hentry","category-comunicados","category-general","tag-apoyo-del-director-general","tag-conversatorio-migracion","tag-dia-de-los-derechos-humanos-y-el-dia-internacional-de-la-solidaridad-humana","tag-dia-internacional-del-migrante","tag-el-director-de-salud-publica","tag-gobernadora-rocio-nahle-garcia-2","tag-jorge-ruiz-nieva","tag-juan-pablo-uribe","tag-leonel-efren-rivera-pinete","tag-personas-migrantes","tag-ss","tag-unidad-de-acceso-a-la-informacion-publica"],"_links":{"self":[{"href":"https:\/\/www.ssaver.gob.mx\/difusion\/wp-json\/wp\/v2\/posts\/5941","targetHints":{"allow":["GET"]}}],"collection":[{"href":"https:\/\/www.ssaver.gob.mx\/difusion\/wp-json\/wp\/v2\/posts"}],"about":[{"href":"https:\/\/www.ssaver.gob.mx\/difusion\/wp-json\/wp\/v2\/types\/post"}],"author":[{"embeddable":true,"href":"https:\/\/www.ssaver.gob.mx\/difusion\/wp-json\/wp\/v2\/users\/68"}],"replies":[{"embeddable":true,"href":"https:\/\/www.ssaver.gob.mx\/difusion\/wp-json\/wp\/v2\/comments?post=5941"}],"version-history":[{"count":1,"href":"https:\/\/www.ssaver.gob.mx\/difusion\/wp-json\/wp\/v2\/posts\/5941\/revisions"}],"predecessor-version":[{"id":5948,"href":"https:\/\/www.ssaver.gob.mx\/difusion\/wp-json\/wp\/v2\/posts\/5941\/revisions\/5948"}],"wp:featuredmedia":[{"embeddable":true,"href":"https:\/\/www.ssaver.gob.mx\/difusion\/wp-json\/wp\/v2\/media\/5942"}],"wp:attachment":[{"href":"https:\/\/www.ssaver.gob.mx\/difusion\/wp-json\/wp\/v2\/media?parent=5941"}],"wp:term":[{"taxonomy":"category","embeddable":true,"href":"https:\/\/www.ssaver.gob.mx\/difusion\/wp-json\/wp\/v2\/categories?post=5941"},{"taxonomy":"post_tag","embeddable":true,"href":"https:\/\/www.ssaver.gob.mx\/difusion\/wp-json\/wp\/v2\/tags?post=5941"}],"curies":[{"name":"wp","href":"https:\/\/api.w.org\/{rel}","templated":true}]}}