{"id":5968,"date":"2026-01-15T10:32:23","date_gmt":"2026-01-15T16:32:23","guid":{"rendered":"https:\/\/www.ssaver.gob.mx\/difusion\/?p=5968"},"modified":"2026-01-15T10:32:23","modified_gmt":"2026-01-15T16:32:23","slug":"vacuna-contra-el-sarampion-disponible-en-todos-los-centros-de-la-secretaria-de-salud","status":"publish","type":"post","link":"https:\/\/www.ssaver.gob.mx\/difusion\/2026\/01\/15\/vacuna-contra-el-sarampion-disponible-en-todos-los-centros-de-la-secretaria-de-salud\/","title":{"rendered":"Vacuna contra el sarampi\u00f3n\u00a0disponible\u00a0en todos los centros de la Secretar\u00eda de Salud"},"content":{"rendered":"\n<p class=\"has-medium-font-size\"><strong>Xalapa, Ver.,&nbsp;<\/strong><strong>mi\u00e9rcoles&nbsp;<\/strong><strong>14 de enero de 2026.-<\/strong>&nbsp;La&nbsp;vacunaci\u00f3n&nbsp;es la principal medida de prevenci\u00f3n contra el sarampi\u00f3n, que puede afectar gravemente a ni\u00f1os y adultos, por lo que la Secretar\u00eda de Salud (SS) exhorta a acudir a las unidades m\u00e9dicas para solicitarla y completar el esquema de la Cartilla Nacional.<\/p>\n\n\n\n<figure class=\"wp-block-image aligncenter size-large\"><img loading=\"lazy\" decoding=\"async\" width=\"1024\" height=\"692\" src=\"https:\/\/www.ssaver.gob.mx\/difusion\/wp-content\/uploads\/sites\/23\/2026\/01\/WhatsApp-Image-2026-01-14-at-18.58.31-1-1024x692.jpeg\" alt=\"\" class=\"wp-image-5969\" srcset=\"https:\/\/www.ssaver.gob.mx\/difusion\/wp-content\/uploads\/sites\/23\/2026\/01\/WhatsApp-Image-2026-01-14-at-18.58.31-1-1024x692.jpeg 1024w, https:\/\/www.ssaver.gob.mx\/difusion\/wp-content\/uploads\/sites\/23\/2026\/01\/WhatsApp-Image-2026-01-14-at-18.58.31-1-300x203.jpeg 300w, https:\/\/www.ssaver.gob.mx\/difusion\/wp-content\/uploads\/sites\/23\/2026\/01\/WhatsApp-Image-2026-01-14-at-18.58.31-1-768x519.jpeg 768w, https:\/\/www.ssaver.gob.mx\/difusion\/wp-content\/uploads\/sites\/23\/2026\/01\/WhatsApp-Image-2026-01-14-at-18.58.31-1-1536x1038.jpeg 1536w, https:\/\/www.ssaver.gob.mx\/difusion\/wp-content\/uploads\/sites\/23\/2026\/01\/WhatsApp-Image-2026-01-14-at-18.58.31-1-2048x1384.jpeg 2048w\" sizes=\"auto, (max-width: 1024px) 100vw, 1024px\" \/><\/figure>\n\n\n\n<p class=\"has-medium-font-size\">El infect\u00f3logo pediatra Jos\u00e9&nbsp;Luis D\u00edaz Luna, adscrito al Centro de Alta Especialidad (CAE) Dr. Rafael Lucio,&nbsp;explic\u00f3&nbsp;que&nbsp;tiene cuatro etapas:&nbsp;incubaci\u00f3n, que no tiene&nbsp;s\u00edntomas visibles, pero el virus ya est\u00e1&nbsp;en el organismo;&nbsp;catarral, cuando&nbsp;aparecen signos similares a un resfriado, como tos seca, fiebre leve, dolor&nbsp;de cabeza y&nbsp;articulaciones.<\/p>\n\n\n\n<p class=\"has-medium-font-size\">La fase&nbsp;exantem\u00e1tica, presenta&nbsp;erupciones en la piel, fiebre alta, ojos rojos y malestar general;&nbsp;y la descamativa, donde&nbsp;disminuye la fiebre y comienza la descamaci\u00f3n fina de la piel con intensa comez\u00f3n.&nbsp;Adem\u00e1s, una se\u00f1al distintiva es la aparici\u00f3n de las manchas de Koplik en la boca, indicativas de la enfermedad.<\/p>\n\n\n\n<p class=\"has-medium-font-size\">Exhort\u00f3\u00a0a la poblaci\u00f3n a consultar al m\u00e9dico ante cualquier s\u00edntoma y evitar la automedicaci\u00f3n, ya que al inicio puede confundirse con un resfriado com\u00fan. Recalc\u00f3 que no existe tratamiento espec\u00edfico para eliminar el virus, pero s\u00ed\u00a0se pueden atender las complicaciones.<\/p>\n\n\n\n<figure class=\"wp-block-image aligncenter size-large\"><img loading=\"lazy\" decoding=\"async\" width=\"1024\" height=\"689\" src=\"https:\/\/www.ssaver.gob.mx\/difusion\/wp-content\/uploads\/sites\/23\/2026\/01\/WhatsApp-Image-2026-01-14-at-18.58.31-1024x689.jpeg\" alt=\"\" class=\"wp-image-5970\" srcset=\"https:\/\/www.ssaver.gob.mx\/difusion\/wp-content\/uploads\/sites\/23\/2026\/01\/WhatsApp-Image-2026-01-14-at-18.58.31-1024x689.jpeg 1024w, https:\/\/www.ssaver.gob.mx\/difusion\/wp-content\/uploads\/sites\/23\/2026\/01\/WhatsApp-Image-2026-01-14-at-18.58.31-300x202.jpeg 300w, https:\/\/www.ssaver.gob.mx\/difusion\/wp-content\/uploads\/sites\/23\/2026\/01\/WhatsApp-Image-2026-01-14-at-18.58.31-768x517.jpeg 768w, https:\/\/www.ssaver.gob.mx\/difusion\/wp-content\/uploads\/sites\/23\/2026\/01\/WhatsApp-Image-2026-01-14-at-18.58.31-1536x1033.jpeg 1536w, https:\/\/www.ssaver.gob.mx\/difusion\/wp-content\/uploads\/sites\/23\/2026\/01\/WhatsApp-Image-2026-01-14-at-18.58.31-2048x1378.jpeg 2048w\" sizes=\"auto, (max-width: 1024px) 100vw, 1024px\" \/><\/figure>\n\n\n\n<p class=\"has-medium-font-size\">\u201cSi se detecta un caso de sarampi\u00f3n en casa o la comunidad, lo ideal es evitar el contacto, sobre todo entre ni\u00f1os, ya que no todos reaccionan igual y algunos pueden presentar complicaciones severas\u201d, advirti\u00f3.<\/p>\n\n\n\n<p class=\"has-medium-font-size\">En adultos no vacunados, especialmente quienes padecen enfermedades cr\u00f3nico-degenerativas como diabetes, hipertensi\u00f3n u obesidad, los riesgos por contagio de sarampi\u00f3n se incrementan considerablemente.<\/p>\n\n\n\n<p class=\"has-medium-font-size\">El sarampi\u00f3n es una enfermedad infecciosa viral caracterizada por fiebre alta, ojos enrojecidos, secreci\u00f3n nasal abundante y ronchas o erupciones en la piel. Su forma de contagio m\u00e1s com\u00fan es por exposici\u00f3n a las got\u00edculas de saliva que una persona infectada expulsa al hablar, toser o estornudar.<\/p>\n\n\n\n<p class=\"has-medium-font-size\">Tambi\u00e9n puede transmitirse al tocar superficies u objetos contaminados por personas portadoras, lo que lo convierte en un virus de alta transmisibilidad en entornos no vacunados.<\/p>\n","protected":false},"excerpt":{"rendered":"<p>Xalapa, Ver.,&nbsp;mi\u00e9rcoles&nbsp;14 de enero de 2026.-&nbsp;La&nbsp;vacunaci\u00f3n&nbsp;es la principal medida de prevenci\u00f3n contra el sarampi\u00f3n, que puede afectar gravemente a ni\u00f1os<\/p>\n","protected":false},"author":68,"featured_media":5971,"comment_status":"closed","ping_status":"closed","sticky":false,"template":"","format":"standard","meta":{"colormag_page_container_layout":"default_layout","colormag_page_sidebar_layout":"default_layout","footnotes":""},"categories":[111,115],"tags":[750,852,892,894,896,751,893,891,889,570,890,895],"class_list":["post-5968","post","type-post","status-publish","format-standard","has-post-thumbnail","hentry","category-boletines","category-general","tag-apoyo-del-director-general","tag-centro-de-alta-especialidad-cae-dr-rafael-lucio","tag-cuales-son-los-sintomas-del-sarampion","tag-enfermedad-infecciosa","tag-fiebre-alta","tag-juan-pablo-uribe-gonzalez","tag-koplik-en-la-boca","tag-pediatra-jose-luis-diaz-luna","tag-sarampion-2","tag-ss","tag-vacuna-contra-el-sarampion","tag-viral"],"_links":{"self":[{"href":"https:\/\/www.ssaver.gob.mx\/difusion\/wp-json\/wp\/v2\/posts\/5968","targetHints":{"allow":["GET"]}}],"collection":[{"href":"https:\/\/www.ssaver.gob.mx\/difusion\/wp-json\/wp\/v2\/posts"}],"about":[{"href":"https:\/\/www.ssaver.gob.mx\/difusion\/wp-json\/wp\/v2\/types\/post"}],"author":[{"embeddable":true,"href":"https:\/\/www.ssaver.gob.mx\/difusion\/wp-json\/wp\/v2\/users\/68"}],"replies":[{"embeddable":true,"href":"https:\/\/www.ssaver.gob.mx\/difusion\/wp-json\/wp\/v2\/comments?post=5968"}],"version-history":[{"count":1,"href":"https:\/\/www.ssaver.gob.mx\/difusion\/wp-json\/wp\/v2\/posts\/5968\/revisions"}],"predecessor-version":[{"id":5972,"href":"https:\/\/www.ssaver.gob.mx\/difusion\/wp-json\/wp\/v2\/posts\/5968\/revisions\/5972"}],"wp:featuredmedia":[{"embeddable":true,"href":"https:\/\/www.ssaver.gob.mx\/difusion\/wp-json\/wp\/v2\/media\/5971"}],"wp:attachment":[{"href":"https:\/\/www.ssaver.gob.mx\/difusion\/wp-json\/wp\/v2\/media?parent=5968"}],"wp:term":[{"taxonomy":"category","embeddable":true,"href":"https:\/\/www.ssaver.gob.mx\/difusion\/wp-json\/wp\/v2\/categories?post=5968"},{"taxonomy":"post_tag","embeddable":true,"href":"https:\/\/www.ssaver.gob.mx\/difusion\/wp-json\/wp\/v2\/tags?post=5968"}],"curies":[{"name":"wp","href":"https:\/\/api.w.org\/{rel}","templated":true}]}}