{"id":5974,"date":"2026-01-19T10:36:33","date_gmt":"2026-01-19T16:36:33","guid":{"rendered":"https:\/\/www.ssaver.gob.mx\/difusion\/?p=5974"},"modified":"2026-01-19T10:36:33","modified_gmt":"2026-01-19T16:36:33","slug":"implementa-salud-operativo-preventivo-para-fiestas-de-la-candelaria-en-tlacotalpan","status":"publish","type":"post","link":"https:\/\/www.ssaver.gob.mx\/difusion\/2026\/01\/19\/implementa-salud-operativo-preventivo-para-fiestas-de-la-candelaria-en-tlacotalpan\/","title":{"rendered":"Implementa Salud operativo preventivo para fiestas de La Candelaria en Tlacotalpan"},"content":{"rendered":"\n<p class=\"has-medium-font-size\"><strong>Tlacotalpan, Ver.,\u00a0<\/strong><strong>domingo 18<\/strong><strong>\u00a0de enero de 2026.-<\/strong>\u00a0La Secretar\u00eda de Salud implement\u00f3 un operativo para reducir riesgos sanitarios y prevenir enfermedades entre la poblaci\u00f3n y visitantes del municipio durante las fiestas de La Candelaria, que se realizar\u00e1n del 31 de enero al\u00a009 de febrero.<\/p>\n\n\n\n<figure class=\"wp-block-image size-large\"><img loading=\"lazy\" decoding=\"async\" width=\"1024\" height=\"683\" src=\"https:\/\/www.ssaver.gob.mx\/difusion\/wp-content\/uploads\/sites\/23\/2026\/01\/WhatsApp-Image-2026-01-19-at-10.09.29-1024x683.jpeg\" alt=\"\" class=\"wp-image-5975\" srcset=\"https:\/\/www.ssaver.gob.mx\/difusion\/wp-content\/uploads\/sites\/23\/2026\/01\/WhatsApp-Image-2026-01-19-at-10.09.29-1024x683.jpeg 1024w, https:\/\/www.ssaver.gob.mx\/difusion\/wp-content\/uploads\/sites\/23\/2026\/01\/WhatsApp-Image-2026-01-19-at-10.09.29-300x200.jpeg 300w, https:\/\/www.ssaver.gob.mx\/difusion\/wp-content\/uploads\/sites\/23\/2026\/01\/WhatsApp-Image-2026-01-19-at-10.09.29-768x512.jpeg 768w, https:\/\/www.ssaver.gob.mx\/difusion\/wp-content\/uploads\/sites\/23\/2026\/01\/WhatsApp-Image-2026-01-19-at-10.09.29.jpeg 1536w\" sizes=\"auto, (max-width: 1024px) 100vw, 1024px\" \/><\/figure>\n\n\n\n<p class=\"has-medium-font-size\">La Direcci\u00f3n de Protecci\u00f3n contra Riesgos Sanitarios, en coordinaci\u00f3n con la Jurisdicci\u00f3n Sanitaria IX, la Comisi\u00f3n del Agua del Estado de Veracruz y autoridades municipales, realiz\u00f3&nbsp;muestreos de agua para verificar su calidad mediante an\u00e1lisis bacteriol\u00f3gicos y fisicoqu\u00edmicos.<\/p>\n\n\n\n<figure class=\"wp-block-image size-large\"><img loading=\"lazy\" decoding=\"async\" width=\"1024\" height=\"683\" src=\"https:\/\/www.ssaver.gob.mx\/difusion\/wp-content\/uploads\/sites\/23\/2026\/01\/WhatsApp-Image-2026-01-19-at-10.09.28-1-1024x683.jpeg\" alt=\"\" class=\"wp-image-5979\" srcset=\"https:\/\/www.ssaver.gob.mx\/difusion\/wp-content\/uploads\/sites\/23\/2026\/01\/WhatsApp-Image-2026-01-19-at-10.09.28-1-1024x683.jpeg 1024w, https:\/\/www.ssaver.gob.mx\/difusion\/wp-content\/uploads\/sites\/23\/2026\/01\/WhatsApp-Image-2026-01-19-at-10.09.28-1-300x200.jpeg 300w, https:\/\/www.ssaver.gob.mx\/difusion\/wp-content\/uploads\/sites\/23\/2026\/01\/WhatsApp-Image-2026-01-19-at-10.09.28-1-768x512.jpeg 768w, https:\/\/www.ssaver.gob.mx\/difusion\/wp-content\/uploads\/sites\/23\/2026\/01\/WhatsApp-Image-2026-01-19-at-10.09.28-1.jpeg 1536w\" sizes=\"auto, (max-width: 1024px) 100vw, 1024px\" \/><\/figure>\n\n\n\n<p class=\"has-medium-font-size\">Asimismo,&nbsp;ubicaron&nbsp;puntos estrat\u00e9gicos para el monitoreo permanente de cloro residual en la red de distribuci\u00f3n municipal, a fin de garantizar que el agua utilizada cumpla con los par\u00e1metros establecidos.<\/p>\n\n\n\n<figure class=\"wp-block-image size-large\"><img loading=\"lazy\" decoding=\"async\" width=\"1024\" height=\"683\" src=\"https:\/\/www.ssaver.gob.mx\/difusion\/wp-content\/uploads\/sites\/23\/2026\/01\/WhatsApp-Image-2026-01-19-at-10.09.28-1024x683.jpeg\" alt=\"\" class=\"wp-image-5977\" srcset=\"https:\/\/www.ssaver.gob.mx\/difusion\/wp-content\/uploads\/sites\/23\/2026\/01\/WhatsApp-Image-2026-01-19-at-10.09.28-1024x683.jpeg 1024w, https:\/\/www.ssaver.gob.mx\/difusion\/wp-content\/uploads\/sites\/23\/2026\/01\/WhatsApp-Image-2026-01-19-at-10.09.28-300x200.jpeg 300w, https:\/\/www.ssaver.gob.mx\/difusion\/wp-content\/uploads\/sites\/23\/2026\/01\/WhatsApp-Image-2026-01-19-at-10.09.28-768x512.jpeg 768w, https:\/\/www.ssaver.gob.mx\/difusion\/wp-content\/uploads\/sites\/23\/2026\/01\/WhatsApp-Image-2026-01-19-at-10.09.28.jpeg 1536w\" sizes=\"auto, (max-width: 1024px) 100vw, 1024px\" \/><\/figure>\n\n\n\n<p class=\"has-medium-font-size\">De manera complementaria, se capacit\u00f3&nbsp;a prestadores de servicios y comerciantes del&nbsp;Mercado Municipal de&nbsp;Tlacotalpan&nbsp;en el cumplimiento de buenas pr\u00e1cticas sanitarias, el manejo higi\u00e9nico de alimentos y el saneamiento b\u00e1sico.<\/p>\n\n\n\n<figure class=\"wp-block-image size-large\"><img loading=\"lazy\" decoding=\"async\" width=\"1024\" height=\"768\" src=\"https:\/\/www.ssaver.gob.mx\/difusion\/wp-content\/uploads\/sites\/23\/2026\/01\/WhatsApp-Image-2026-01-19-at-10.09.29-1-1-1024x768.jpeg\" alt=\"\" class=\"wp-image-5978\" srcset=\"https:\/\/www.ssaver.gob.mx\/difusion\/wp-content\/uploads\/sites\/23\/2026\/01\/WhatsApp-Image-2026-01-19-at-10.09.29-1-1-1024x768.jpeg 1024w, https:\/\/www.ssaver.gob.mx\/difusion\/wp-content\/uploads\/sites\/23\/2026\/01\/WhatsApp-Image-2026-01-19-at-10.09.29-1-1-300x225.jpeg 300w, https:\/\/www.ssaver.gob.mx\/difusion\/wp-content\/uploads\/sites\/23\/2026\/01\/WhatsApp-Image-2026-01-19-at-10.09.29-1-1-768x576.jpeg 768w, https:\/\/www.ssaver.gob.mx\/difusion\/wp-content\/uploads\/sites\/23\/2026\/01\/WhatsApp-Image-2026-01-19-at-10.09.29-1-1.jpeg 1280w\" sizes=\"auto, (max-width: 1024px) 100vw, 1024px\" \/><\/figure>\n","protected":false},"excerpt":{"rendered":"<p>Tlacotalpan, Ver.,\u00a0domingo 18\u00a0de enero de 2026.-\u00a0La Secretar\u00eda de Salud implement\u00f3 un operativo para reducir riesgos sanitarios y prevenir enfermedades entre<\/p>\n","protected":false},"author":68,"featured_media":5980,"comment_status":"closed","ping_status":"closed","sticky":false,"template":"","format":"standard","meta":{"colormag_page_container_layout":"default_layout","colormag_page_sidebar_layout":"default_layout","footnotes":""},"categories":[111,115],"tags":[899,183,898,897,900,456,189,570,142],"class_list":["post-5974","post","type-post","status-publish","format-standard","has-post-thumbnail","hentry","category-boletines","category-general","tag-comision-del-agua-del-estado-de-veracruz","tag-fiestas-de-la-candelaria","tag-jurisdiccion-sanitaria-ix","tag-la-direccion-de-proteccion-contra-riesgos-sanitarios","tag-mercado-municipal-de-tlacotalpan","tag-riesgos-sanitarios","tag-secretaria-de-salud-de-veracruz","tag-ss","tag-veracruz"],"_links":{"self":[{"href":"https:\/\/www.ssaver.gob.mx\/difusion\/wp-json\/wp\/v2\/posts\/5974","targetHints":{"allow":["GET"]}}],"collection":[{"href":"https:\/\/www.ssaver.gob.mx\/difusion\/wp-json\/wp\/v2\/posts"}],"about":[{"href":"https:\/\/www.ssaver.gob.mx\/difusion\/wp-json\/wp\/v2\/types\/post"}],"author":[{"embeddable":true,"href":"https:\/\/www.ssaver.gob.mx\/difusion\/wp-json\/wp\/v2\/users\/68"}],"replies":[{"embeddable":true,"href":"https:\/\/www.ssaver.gob.mx\/difusion\/wp-json\/wp\/v2\/comments?post=5974"}],"version-history":[{"count":1,"href":"https:\/\/www.ssaver.gob.mx\/difusion\/wp-json\/wp\/v2\/posts\/5974\/revisions"}],"predecessor-version":[{"id":5981,"href":"https:\/\/www.ssaver.gob.mx\/difusion\/wp-json\/wp\/v2\/posts\/5974\/revisions\/5981"}],"wp:featuredmedia":[{"embeddable":true,"href":"https:\/\/www.ssaver.gob.mx\/difusion\/wp-json\/wp\/v2\/media\/5980"}],"wp:attachment":[{"href":"https:\/\/www.ssaver.gob.mx\/difusion\/wp-json\/wp\/v2\/media?parent=5974"}],"wp:term":[{"taxonomy":"category","embeddable":true,"href":"https:\/\/www.ssaver.gob.mx\/difusion\/wp-json\/wp\/v2\/categories?post=5974"},{"taxonomy":"post_tag","embeddable":true,"href":"https:\/\/www.ssaver.gob.mx\/difusion\/wp-json\/wp\/v2\/tags?post=5974"}],"curies":[{"name":"wp","href":"https:\/\/api.w.org\/{rel}","templated":true}]}}